{"id":841,"date":"2022-04-09T14:33:41","date_gmt":"2022-04-09T12:33:41","guid":{"rendered":"http:\/\/recover.jellyfishcreativestudio.be\/?p=841"},"modified":"2025-03-26T15:49:13","modified_gmt":"2025-03-26T14:49:13","slug":"8-april-nationaler-tag-der-sanitater","status":"publish","type":"post","link":"https:\/\/www.recover.eu\/de\/beratung\/8-april-nationaler-tag-der-sanitater\/","title":{"rendered":"8. April: Nationaler Tag der Sanit\u00e4ter"},"content":{"rendered":"<p>Der Nationale Tag der Krankenwagen, der bewusst auf den Tag nach dem Weltgesundheitstag gelegt wird, ist eine Gelegenheit, diese Gesundheitsfachkr\u00e4fte hervorzuheben, die im Notfall oft die ersten sind, die Ihnen zu jeder Tages- und Nachtzeit, auch an Sonn- und Feiertagen, zur Seite stehen .<\/p>\n\n\n\n<p>Der Beruf des Krankenwagenfahrers ist ein Beruf mit schwierigen Arbeitszeiten und vor allem ein menschlicher Beruf. Sehr oft sind Rettungssanit\u00e4ter mit Not und sogar Gewalt konfrontiert und machen sich bei jedem Anruf in unsichere, stressige, aber lebenswichtige Situationen auf den Weg.<\/p>\n\n\n\n<p>Der Beruf des Krankenwagenfahrers erfordert heutzutage einen starken mentalen und finanziellen R\u00fccken. Wie bei jedem Unternehmer steigen die Kosten. Die zus\u00e4tzliche Ausr\u00fcstung, die f\u00fcr den Transport von Covid-Patienten ben\u00f6tigt wird, und die nun steigenden Treibstoffkosten f\u00fchren dazu, dass diese Kosten noch h\u00f6her werden. Hinzu kommt, dass die Rechnungen auch nach zahlreichen Mahnungen oft als letzte beglichen werden.<\/p>\n\n\n\n<p>Die Teams der INTERNATIONAL RECOVER COMPANY\u00ae sind stolz darauf, ihnen zur Seite zu stehen, sie von ihren Verwaltungsaufgaben zu entlasten und ihnen bei der Beitreibung ihrer Beitr\u00e4ge zu helfen.<\/p>","protected":false},"excerpt":{"rendered":"<p>Anl\u00e4sslich dieses Tages wollten wir unseren Hut vor diesem Beruf ziehen, vor diesen M\u00e4nnern und Frauen, die oft in der Not arbeiten, mit schwierigen Arbeitszeiten, 365 Tage im Jahr, 24 Stunden am Tag.<\/p>","protected":false},"author":1,"featured_media":844,"comment_status":"open","ping_status":"open","sticky":false,"template":"","format":"standard","meta":{"footnotes":""},"categories":[6],"tags":[],"class_list":["post-841","post","type-post","status-publish","format-standard","has-post-thumbnail","hentry","category-clients"],"yoast_head":"<!-- This site is optimized with the Yoast SEO plugin v25.3.1 - https:\/\/yoast.com\/wordpress\/plugins\/seo\/ -->\n<title>8 avril: journ\u00e9e nationale des ambulanciers - INTERNATIONAL RECOVER COMPANY<\/title>\n<meta name=\"description\" content=\"Le 8 avril, mettons \u00e0 l\u2019honneur les ambulanciers. D\u00e9couvrez leur r\u00f4le essentiel et les d\u00e9fis de ce m\u00e9tier souvent m\u00e9connu.\" \/>\n<meta name=\"robots\" content=\"index, follow, max-snippet:-1, max-image-preview:large, max-video-preview:-1\" \/>\n<link rel=\"canonical\" href=\"https:\/\/www.recover.eu\/de\/beratung\/8-april-nationaler-tag-der-sanitater\/\" \/>\n<meta property=\"og:locale\" content=\"de_DE\" \/>\n<meta property=\"og:type\" content=\"article\" \/>\n<meta property=\"og:title\" content=\"8 avril: journ\u00e9e nationale des ambulanciers - INTERNATIONAL RECOVER COMPANY\" \/>\n<meta property=\"og:description\" content=\"Le 8 avril, mettons \u00e0 l\u2019honneur les ambulanciers. D\u00e9couvrez leur r\u00f4le essentiel et les d\u00e9fis de ce m\u00e9tier souvent m\u00e9connu.\" \/>\n<meta property=\"og:url\" content=\"https:\/\/www.recover.eu\/de\/beratung\/8-april-nationaler-tag-der-sanitater\/\" \/>\n<meta property=\"og:site_name\" content=\"INTERNATIONAL RECOVER COMPANY\" \/>\n<meta property=\"article:publisher\" content=\"https:\/\/www.facebook.com\/RECOVER.EU\" \/>\n<meta property=\"article:published_time\" content=\"2022-04-09T12:33:41+00:00\" \/>\n<meta property=\"article:modified_time\" content=\"2025-03-26T14:49:13+00:00\" \/>\n<meta property=\"og:image\" content=\"https:\/\/www.recover.eu\/wp-content\/uploads\/2023\/05\/143.png\" \/>\n\t<meta property=\"og:image:width\" content=\"400\" \/>\n\t<meta property=\"og:image:height\" content=\"283\" \/>\n\t<meta property=\"og:image:type\" content=\"image\/png\" \/>\n<meta name=\"author\" content=\"superadmin\" \/>\n<meta name=\"twitter:card\" content=\"summary_large_image\" \/>\n<meta name=\"twitter:creator\" content=\"@RECOVER_EU\" \/>\n<meta name=\"twitter:site\" content=\"@RECOVER_EU\" \/>\n<meta name=\"twitter:label1\" content=\"Verfasst von\" \/>\n\t<meta name=\"twitter:data1\" content=\"superadmin\" \/>\n\t<meta name=\"twitter:label2\" content=\"Gesch\u00e4tzte Lesezeit\" \/>\n\t<meta name=\"twitter:data2\" content=\"2\u00a0Minuten\" \/>\n<script type=\"application\/ld+json\" class=\"yoast-schema-graph\">{\"@context\":\"https:\/\/schema.org\",\"@graph\":[{\"@type\":\"Article\",\"@id\":\"https:\/\/www.recover.eu\/conseils\/8-avril-journee-nationale-des-ambulanciers\/#article\",\"isPartOf\":{\"@id\":\"https:\/\/www.recover.eu\/conseils\/8-avril-journee-nationale-des-ambulanciers\/\"},\"author\":{\"name\":\"superadmin\",\"@id\":\"https:\/\/www.recover.eu\/#\/schema\/person\/006ae0699e3d723b210f7ca0b022e318\"},\"headline\":\"8 avril: journ\u00e9e nationale des ambulanciers\",\"datePublished\":\"2022-04-09T12:33:41+00:00\",\"dateModified\":\"2025-03-26T14:49:13+00:00\",\"mainEntityOfPage\":{\"@id\":\"https:\/\/www.recover.eu\/conseils\/8-avril-journee-nationale-des-ambulanciers\/\"},\"wordCount\":210,\"commentCount\":0,\"publisher\":{\"@id\":\"https:\/\/www.recover.eu\/#organization\"},\"image\":{\"@id\":\"https:\/\/www.recover.eu\/conseils\/8-avril-journee-nationale-des-ambulanciers\/#primaryimage\"},\"thumbnailUrl\":\"https:\/\/www.recover.eu\/wp-content\/uploads\/2023\/05\/143.png\",\"articleSection\":[\"Client, on me doit de l'argent\"],\"inLanguage\":\"de\"},{\"@type\":\"WebPage\",\"@id\":\"https:\/\/www.recover.eu\/conseils\/8-avril-journee-nationale-des-ambulanciers\/\",\"url\":\"https:\/\/www.recover.eu\/conseils\/8-avril-journee-nationale-des-ambulanciers\/\",\"name\":\"8 avril: journ\u00e9e nationale des ambulanciers - INTERNATIONAL RECOVER COMPANY\",\"isPartOf\":{\"@id\":\"https:\/\/www.recover.eu\/#website\"},\"primaryImageOfPage\":{\"@id\":\"https:\/\/www.recover.eu\/conseils\/8-avril-journee-nationale-des-ambulanciers\/#primaryimage\"},\"image\":{\"@id\":\"https:\/\/www.recover.eu\/conseils\/8-avril-journee-nationale-des-ambulanciers\/#primaryimage\"},\"thumbnailUrl\":\"https:\/\/www.recover.eu\/wp-content\/uploads\/2023\/05\/143.png\",\"datePublished\":\"2022-04-09T12:33:41+00:00\",\"dateModified\":\"2025-03-26T14:49:13+00:00\",\"description\":\"Le 8 avril, mettons \u00e0 l\u2019honneur les ambulanciers. D\u00e9couvrez leur r\u00f4le essentiel et les d\u00e9fis de ce m\u00e9tier souvent m\u00e9connu.\",\"breadcrumb\":{\"@id\":\"https:\/\/www.recover.eu\/conseils\/8-avril-journee-nationale-des-ambulanciers\/#breadcrumb\"},\"inLanguage\":\"de\",\"potentialAction\":[{\"@type\":\"ReadAction\",\"target\":[\"https:\/\/www.recover.eu\/conseils\/8-avril-journee-nationale-des-ambulanciers\/\"]}]},{\"@type\":\"ImageObject\",\"inLanguage\":\"de\",\"@id\":\"https:\/\/www.recover.eu\/conseils\/8-avril-journee-nationale-des-ambulanciers\/#primaryimage\",\"url\":\"https:\/\/www.recover.eu\/wp-content\/uploads\/2023\/05\/143.png\",\"contentUrl\":\"https:\/\/www.recover.eu\/wp-content\/uploads\/2023\/05\/143.png\",\"width\":400,\"height\":283},{\"@type\":\"BreadcrumbList\",\"@id\":\"https:\/\/www.recover.eu\/conseils\/8-avril-journee-nationale-des-ambulanciers\/#breadcrumb\",\"itemListElement\":[{\"@type\":\"ListItem\",\"position\":1,\"name\":\"Accueil\",\"item\":\"https:\/\/www.recover.eu\/\"},{\"@type\":\"ListItem\",\"position\":2,\"name\":\"8 avril: journ\u00e9e nationale des ambulanciers\"}]},{\"@type\":\"WebSite\",\"@id\":\"https:\/\/www.recover.eu\/#website\",\"url\":\"https:\/\/www.recover.eu\/\",\"name\":\"INTERNATIONAL RECOVER COMPANY\",\"description\":\"Votre partenaire de confiance pour la gestion et la r\u00e9solution de vos probl\u00e8mes de cr\u00e9ances.\",\"publisher\":{\"@id\":\"https:\/\/www.recover.eu\/#organization\"},\"potentialAction\":[{\"@type\":\"SearchAction\",\"target\":{\"@type\":\"EntryPoint\",\"urlTemplate\":\"https:\/\/www.recover.eu\/?s={search_term_string}\"},\"query-input\":{\"@type\":\"PropertyValueSpecification\",\"valueRequired\":true,\"valueName\":\"search_term_string\"}}],\"inLanguage\":\"de\"},{\"@type\":\"Organization\",\"@id\":\"https:\/\/www.recover.eu\/#organization\",\"name\":\"INTERNATIONAL RECOVER COMPANY\u00ae\",\"url\":\"https:\/\/www.recover.eu\/\",\"logo\":{\"@type\":\"ImageObject\",\"inLanguage\":\"de\",\"@id\":\"https:\/\/www.recover.eu\/#\/schema\/logo\/image\/\",\"url\":\"http:\/\/www.recover.eu\/wp-content\/uploads\/2023\/05\/logo-recover.png\",\"contentUrl\":\"http:\/\/www.recover.eu\/wp-content\/uploads\/2023\/05\/logo-recover.png\",\"width\":202,\"height\":115,\"caption\":\"INTERNATIONAL RECOVER COMPANY\u00ae\"},\"image\":{\"@id\":\"https:\/\/www.recover.eu\/#\/schema\/logo\/image\/\"},\"sameAs\":[\"https:\/\/www.facebook.com\/RECOVER.EU\",\"https:\/\/x.com\/RECOVER_EU\",\"https:\/\/www.linkedin.com\/company\/irc-group-sa\/\",\"https:\/\/www.instagram.com\/recover.eu\/\",\"https:\/\/www.youtube.com\/@internationalrecovercompan1612\"]},{\"@type\":\"Person\",\"@id\":\"https:\/\/www.recover.eu\/#\/schema\/person\/006ae0699e3d723b210f7ca0b022e318\",\"name\":\"superadmin\",\"image\":{\"@type\":\"ImageObject\",\"inLanguage\":\"de\",\"@id\":\"https:\/\/www.recover.eu\/#\/schema\/person\/image\/\",\"url\":\"https:\/\/secure.gravatar.com\/avatar\/b6d7588469c8271214df96d279b8257b63b549db031335a84d784d35ab5063de?s=96&d=mm&r=g\",\"contentUrl\":\"https:\/\/secure.gravatar.com\/avatar\/b6d7588469c8271214df96d279b8257b63b549db031335a84d784d35ab5063de?s=96&d=mm&r=g\",\"caption\":\"superadmin\"},\"sameAs\":[\"http:\/\/www.recover.eu\"],\"url\":\"https:\/\/www.recover.eu\/de\/conseils\/author\/superadmin\/\"}]}<\/script>\n<!-- \/ Yoast SEO plugin. -->","yoast_head_json":{"title":"8 avril: journ\u00e9e nationale des ambulanciers - INTERNATIONAL RECOVER COMPANY","description":"Le 8 avril, mettons \u00e0 l\u2019honneur les ambulanciers. D\u00e9couvrez leur r\u00f4le essentiel et les d\u00e9fis de ce m\u00e9tier souvent m\u00e9connu.","robots":{"index":"index","follow":"follow","max-snippet":"max-snippet:-1","max-image-preview":"max-image-preview:large","max-video-preview":"max-video-preview:-1"},"canonical":"https:\/\/www.recover.eu\/de\/beratung\/8-april-nationaler-tag-der-sanitater\/","og_locale":"de_DE","og_type":"article","og_title":"8 avril: journ\u00e9e nationale des ambulanciers - INTERNATIONAL RECOVER COMPANY","og_description":"Le 8 avril, mettons \u00e0 l\u2019honneur les ambulanciers. D\u00e9couvrez leur r\u00f4le essentiel et les d\u00e9fis de ce m\u00e9tier souvent m\u00e9connu.","og_url":"https:\/\/www.recover.eu\/de\/beratung\/8-april-nationaler-tag-der-sanitater\/","og_site_name":"INTERNATIONAL RECOVER COMPANY","article_publisher":"https:\/\/www.facebook.com\/RECOVER.EU","article_published_time":"2022-04-09T12:33:41+00:00","article_modified_time":"2025-03-26T14:49:13+00:00","og_image":[{"width":400,"height":283,"url":"https:\/\/www.recover.eu\/wp-content\/uploads\/2023\/05\/143.png","type":"image\/png"}],"author":"superadmin","twitter_card":"summary_large_image","twitter_creator":"@RECOVER_EU","twitter_site":"@RECOVER_EU","twitter_misc":{"Verfasst von":"superadmin","Gesch\u00e4tzte Lesezeit":"2\u00a0Minuten"},"schema":{"@context":"https:\/\/schema.org","@graph":[{"@type":"Article","@id":"https:\/\/www.recover.eu\/conseils\/8-avril-journee-nationale-des-ambulanciers\/#article","isPartOf":{"@id":"https:\/\/www.recover.eu\/conseils\/8-avril-journee-nationale-des-ambulanciers\/"},"author":{"name":"superadmin","@id":"https:\/\/www.recover.eu\/#\/schema\/person\/006ae0699e3d723b210f7ca0b022e318"},"headline":"8 avril: journ\u00e9e nationale des ambulanciers","datePublished":"2022-04-09T12:33:41+00:00","dateModified":"2025-03-26T14:49:13+00:00","mainEntityOfPage":{"@id":"https:\/\/www.recover.eu\/conseils\/8-avril-journee-nationale-des-ambulanciers\/"},"wordCount":210,"commentCount":0,"publisher":{"@id":"https:\/\/www.recover.eu\/#organization"},"image":{"@id":"https:\/\/www.recover.eu\/conseils\/8-avril-journee-nationale-des-ambulanciers\/#primaryimage"},"thumbnailUrl":"https:\/\/www.recover.eu\/wp-content\/uploads\/2023\/05\/143.png","articleSection":["Client, on me doit de l'argent"],"inLanguage":"de"},{"@type":"WebPage","@id":"https:\/\/www.recover.eu\/conseils\/8-avril-journee-nationale-des-ambulanciers\/","url":"https:\/\/www.recover.eu\/conseils\/8-avril-journee-nationale-des-ambulanciers\/","name":"8 avril: journ\u00e9e nationale des ambulanciers - INTERNATIONAL RECOVER COMPANY","isPartOf":{"@id":"https:\/\/www.recover.eu\/#website"},"primaryImageOfPage":{"@id":"https:\/\/www.recover.eu\/conseils\/8-avril-journee-nationale-des-ambulanciers\/#primaryimage"},"image":{"@id":"https:\/\/www.recover.eu\/conseils\/8-avril-journee-nationale-des-ambulanciers\/#primaryimage"},"thumbnailUrl":"https:\/\/www.recover.eu\/wp-content\/uploads\/2023\/05\/143.png","datePublished":"2022-04-09T12:33:41+00:00","dateModified":"2025-03-26T14:49:13+00:00","description":"Le 8 avril, mettons \u00e0 l\u2019honneur les ambulanciers. D\u00e9couvrez leur r\u00f4le essentiel et les d\u00e9fis de ce m\u00e9tier souvent m\u00e9connu.","breadcrumb":{"@id":"https:\/\/www.recover.eu\/conseils\/8-avril-journee-nationale-des-ambulanciers\/#breadcrumb"},"inLanguage":"de","potentialAction":[{"@type":"ReadAction","target":["https:\/\/www.recover.eu\/conseils\/8-avril-journee-nationale-des-ambulanciers\/"]}]},{"@type":"ImageObject","inLanguage":"de","@id":"https:\/\/www.recover.eu\/conseils\/8-avril-journee-nationale-des-ambulanciers\/#primaryimage","url":"https:\/\/www.recover.eu\/wp-content\/uploads\/2023\/05\/143.png","contentUrl":"https:\/\/www.recover.eu\/wp-content\/uploads\/2023\/05\/143.png","width":400,"height":283},{"@type":"BreadcrumbList","@id":"https:\/\/www.recover.eu\/conseils\/8-avril-journee-nationale-des-ambulanciers\/#breadcrumb","itemListElement":[{"@type":"ListItem","position":1,"name":"Accueil","item":"https:\/\/www.recover.eu\/"},{"@type":"ListItem","position":2,"name":"8 avril: journ\u00e9e nationale des ambulanciers"}]},{"@type":"WebSite","@id":"https:\/\/www.recover.eu\/#website","url":"https:\/\/www.recover.eu\/","name":"INTERNATIONAL RECOVER COMPANY","description":"Votre partenaire de confiance pour la gestion et la r\u00e9solution de vos probl\u00e8mes de cr\u00e9ances.","publisher":{"@id":"https:\/\/www.recover.eu\/#organization"},"potentialAction":[{"@type":"SearchAction","target":{"@type":"EntryPoint","urlTemplate":"https:\/\/www.recover.eu\/?s={search_term_string}"},"query-input":{"@type":"PropertyValueSpecification","valueRequired":true,"valueName":"search_term_string"}}],"inLanguage":"de"},{"@type":"Organization","@id":"https:\/\/www.recover.eu\/#organization","name":"INTERNATIONAL RECOVER COMPANY\u00ae","url":"https:\/\/www.recover.eu\/","logo":{"@type":"ImageObject","inLanguage":"de","@id":"https:\/\/www.recover.eu\/#\/schema\/logo\/image\/","url":"http:\/\/www.recover.eu\/wp-content\/uploads\/2023\/05\/logo-recover.png","contentUrl":"http:\/\/www.recover.eu\/wp-content\/uploads\/2023\/05\/logo-recover.png","width":202,"height":115,"caption":"INTERNATIONAL RECOVER COMPANY\u00ae"},"image":{"@id":"https:\/\/www.recover.eu\/#\/schema\/logo\/image\/"},"sameAs":["https:\/\/www.facebook.com\/RECOVER.EU","https:\/\/x.com\/RECOVER_EU","https:\/\/www.linkedin.com\/company\/irc-group-sa\/","https:\/\/www.instagram.com\/recover.eu\/","https:\/\/www.youtube.com\/@internationalrecovercompan1612"]},{"@type":"Person","@id":"https:\/\/www.recover.eu\/#\/schema\/person\/006ae0699e3d723b210f7ca0b022e318","name":"superadmin","image":{"@type":"ImageObject","inLanguage":"de","@id":"https:\/\/www.recover.eu\/#\/schema\/person\/image\/","url":"https:\/\/secure.gravatar.com\/avatar\/b6d7588469c8271214df96d279b8257b63b549db031335a84d784d35ab5063de?s=96&d=mm&r=g","contentUrl":"https:\/\/secure.gravatar.com\/avatar\/b6d7588469c8271214df96d279b8257b63b549db031335a84d784d35ab5063de?s=96&d=mm&r=g","caption":"superadmin"},"sameAs":["http:\/\/www.recover.eu"],"url":"https:\/\/www.recover.eu\/de\/conseils\/author\/superadmin\/"}]}},"_links":{"self":[{"href":"https:\/\/www.recover.eu\/de\/wp-json\/wp\/v2\/posts\/841","targetHints":{"allow":["GET"]}}],"collection":[{"href":"https:\/\/www.recover.eu\/de\/wp-json\/wp\/v2\/posts"}],"about":[{"href":"https:\/\/www.recover.eu\/de\/wp-json\/wp\/v2\/types\/post"}],"author":[{"embeddable":true,"href":"https:\/\/www.recover.eu\/de\/wp-json\/wp\/v2\/users\/1"}],"replies":[{"embeddable":true,"href":"https:\/\/www.recover.eu\/de\/wp-json\/wp\/v2\/comments?post=841"}],"version-history":[{"count":1,"href":"https:\/\/www.recover.eu\/de\/wp-json\/wp\/v2\/posts\/841\/revisions"}],"predecessor-version":[{"id":2723,"href":"https:\/\/www.recover.eu\/de\/wp-json\/wp\/v2\/posts\/841\/revisions\/2723"}],"wp:featuredmedia":[{"embeddable":true,"href":"https:\/\/www.recover.eu\/de\/wp-json\/wp\/v2\/media\/844"}],"wp:attachment":[{"href":"https:\/\/www.recover.eu\/de\/wp-json\/wp\/v2\/media?parent=841"}],"wp:term":[{"taxonomy":"category","embeddable":true,"href":"https:\/\/www.recover.eu\/de\/wp-json\/wp\/v2\/categories?post=841"},{"taxonomy":"post_tag","embeddable":true,"href":"https:\/\/www.recover.eu\/de\/wp-json\/wp\/v2\/tags?post=841"}],"curies":[{"name":"wp","href":"https:\/\/api.w.org\/{rel}","templated":true}]}}