{"id":841,"date":"2022-04-09T14:33:41","date_gmt":"2022-04-09T12:33:41","guid":{"rendered":"http:\/\/recover.jellyfishcreativestudio.be\/?p=841"},"modified":"2025-03-26T15:49:13","modified_gmt":"2025-03-26T14:49:13","slug":"8-april-national-paramedics-day","status":"publish","type":"post","link":"https:\/\/www.recover.eu\/en_it\/advice-2\/8-april-national-paramedics-day\/","title":{"rendered":"April 8: National Paramedics Day"},"content":{"rendered":"<p>Deliberately set the day after World Health Day, National Ambulance Day is an opportunity to highlight these health professionals, who are often the first to respond to you in an emergency, to any emergency. time of day or night, even on Sundays and public holidays.<\/p>\n\n\n\n<p>A profession with difficult hours, the profession of ambulance driver is above all a human profession. Very often faced with distress, even violence, paramedics take to the road with each call to uncertain, stressful but essential situations.<\/p>\n\n\n\n<p>The profession of ambulance driver these days requires having strong backs both mentally and financially. As with any entrepreneur, costs are increasing. The additional equipment needed to transport covid patients and now increases in fuel costs are making these costs even higher. Added to this is the fact that very often their invoices are the last to be paid, even after numerous reminders.<\/p>\n\n\n\n<p>The INTERNATIONAL RECOVER COMPANY\u00ae teams are proud to be at their side to relieve them of their administrative tasks and help them recover their dues.<\/p>","protected":false},"excerpt":{"rendered":"<p>On this day, we wanted to take our hats off to this profession, to these men and women who often work in emergencies, with difficult hours, 365 days a year, 24 hours a day.<\/p>","protected":false},"author":1,"featured_media":844,"comment_status":"open","ping_status":"open","sticky":false,"template":"","format":"standard","meta":{"footnotes":""},"categories":[6],"tags":[],"class_list":["post-841","post","type-post","status-publish","format-standard","has-post-thumbnail","hentry","category-clients"],"yoast_head":"<!-- This site is optimized with the Yoast SEO plugin v25.3.1 - https:\/\/yoast.com\/wordpress\/plugins\/seo\/ -->\n<title>8 avril: journ\u00e9e nationale des ambulanciers - INTERNATIONAL RECOVER COMPANY<\/title>\n<meta name=\"description\" content=\"Le 8 avril, mettons \u00e0 l\u2019honneur les ambulanciers. D\u00e9couvrez leur r\u00f4le essentiel et les d\u00e9fis de ce m\u00e9tier souvent m\u00e9connu.\" \/>\n<meta name=\"robots\" content=\"index, follow, max-snippet:-1, max-image-preview:large, max-video-preview:-1\" \/>\n<link rel=\"canonical\" href=\"https:\/\/www.recover.eu\/en_it\/advice-2\/8-april-national-paramedics-day\/\" \/>\n<meta property=\"og:locale\" content=\"en_US\" \/>\n<meta property=\"og:type\" content=\"article\" \/>\n<meta property=\"og:title\" content=\"8 avril: journ\u00e9e nationale des ambulanciers - INTERNATIONAL RECOVER COMPANY\" \/>\n<meta property=\"og:description\" content=\"Le 8 avril, mettons \u00e0 l\u2019honneur les ambulanciers. D\u00e9couvrez leur r\u00f4le essentiel et les d\u00e9fis de ce m\u00e9tier souvent m\u00e9connu.\" \/>\n<meta property=\"og:url\" content=\"https:\/\/www.recover.eu\/en_it\/advice-2\/8-april-national-paramedics-day\/\" \/>\n<meta property=\"og:site_name\" content=\"INTERNATIONAL RECOVER COMPANY\" \/>\n<meta property=\"article:publisher\" content=\"https:\/\/www.facebook.com\/RECOVER.EU\" \/>\n<meta property=\"article:published_time\" content=\"2022-04-09T12:33:41+00:00\" \/>\n<meta property=\"article:modified_time\" content=\"2025-03-26T14:49:13+00:00\" \/>\n<meta property=\"og:image\" content=\"https:\/\/www.recover.eu\/wp-content\/uploads\/2023\/05\/143.png\" \/>\n\t<meta property=\"og:image:width\" content=\"400\" \/>\n\t<meta property=\"og:image:height\" content=\"283\" \/>\n\t<meta property=\"og:image:type\" content=\"image\/png\" \/>\n<meta name=\"author\" content=\"superadmin\" \/>\n<meta name=\"twitter:card\" content=\"summary_large_image\" \/>\n<meta name=\"twitter:creator\" content=\"@RECOVER_EU\" \/>\n<meta name=\"twitter:site\" content=\"@RECOVER_EU\" \/>\n<meta name=\"twitter:label1\" content=\"Written by\" \/>\n\t<meta name=\"twitter:data1\" content=\"superadmin\" \/>\n\t<meta name=\"twitter:label2\" content=\"Est. reading time\" \/>\n\t<meta name=\"twitter:data2\" content=\"2 minutes\" \/>\n<script type=\"application\/ld+json\" class=\"yoast-schema-graph\">{\"@context\":\"https:\/\/schema.org\",\"@graph\":[{\"@type\":\"Article\",\"@id\":\"https:\/\/www.recover.eu\/conseils\/8-avril-journee-nationale-des-ambulanciers\/#article\",\"isPartOf\":{\"@id\":\"https:\/\/www.recover.eu\/conseils\/8-avril-journee-nationale-des-ambulanciers\/\"},\"author\":{\"name\":\"superadmin\",\"@id\":\"https:\/\/www.recover.eu\/#\/schema\/person\/006ae0699e3d723b210f7ca0b022e318\"},\"headline\":\"8 avril: journ\u00e9e nationale des ambulanciers\",\"datePublished\":\"2022-04-09T12:33:41+00:00\",\"dateModified\":\"2025-03-26T14:49:13+00:00\",\"mainEntityOfPage\":{\"@id\":\"https:\/\/www.recover.eu\/conseils\/8-avril-journee-nationale-des-ambulanciers\/\"},\"wordCount\":210,\"commentCount\":0,\"publisher\":{\"@id\":\"https:\/\/www.recover.eu\/#organization\"},\"image\":{\"@id\":\"https:\/\/www.recover.eu\/conseils\/8-avril-journee-nationale-des-ambulanciers\/#primaryimage\"},\"thumbnailUrl\":\"https:\/\/www.recover.eu\/wp-content\/uploads\/2023\/05\/143.png\",\"articleSection\":[\"Client, on me doit de l'argent\"],\"inLanguage\":\"en-IT\"},{\"@type\":\"WebPage\",\"@id\":\"https:\/\/www.recover.eu\/conseils\/8-avril-journee-nationale-des-ambulanciers\/\",\"url\":\"https:\/\/www.recover.eu\/conseils\/8-avril-journee-nationale-des-ambulanciers\/\",\"name\":\"8 avril: journ\u00e9e nationale des ambulanciers - INTERNATIONAL RECOVER COMPANY\",\"isPartOf\":{\"@id\":\"https:\/\/www.recover.eu\/#website\"},\"primaryImageOfPage\":{\"@id\":\"https:\/\/www.recover.eu\/conseils\/8-avril-journee-nationale-des-ambulanciers\/#primaryimage\"},\"image\":{\"@id\":\"https:\/\/www.recover.eu\/conseils\/8-avril-journee-nationale-des-ambulanciers\/#primaryimage\"},\"thumbnailUrl\":\"https:\/\/www.recover.eu\/wp-content\/uploads\/2023\/05\/143.png\",\"datePublished\":\"2022-04-09T12:33:41+00:00\",\"dateModified\":\"2025-03-26T14:49:13+00:00\",\"description\":\"Le 8 avril, mettons \u00e0 l\u2019honneur les ambulanciers. D\u00e9couvrez leur r\u00f4le essentiel et les d\u00e9fis de ce m\u00e9tier souvent m\u00e9connu.\",\"breadcrumb\":{\"@id\":\"https:\/\/www.recover.eu\/conseils\/8-avril-journee-nationale-des-ambulanciers\/#breadcrumb\"},\"inLanguage\":\"en-IT\",\"potentialAction\":[{\"@type\":\"ReadAction\",\"target\":[\"https:\/\/www.recover.eu\/conseils\/8-avril-journee-nationale-des-ambulanciers\/\"]}]},{\"@type\":\"ImageObject\",\"inLanguage\":\"en-IT\",\"@id\":\"https:\/\/www.recover.eu\/conseils\/8-avril-journee-nationale-des-ambulanciers\/#primaryimage\",\"url\":\"https:\/\/www.recover.eu\/wp-content\/uploads\/2023\/05\/143.png\",\"contentUrl\":\"https:\/\/www.recover.eu\/wp-content\/uploads\/2023\/05\/143.png\",\"width\":400,\"height\":283},{\"@type\":\"BreadcrumbList\",\"@id\":\"https:\/\/www.recover.eu\/conseils\/8-avril-journee-nationale-des-ambulanciers\/#breadcrumb\",\"itemListElement\":[{\"@type\":\"ListItem\",\"position\":1,\"name\":\"Accueil\",\"item\":\"https:\/\/www.recover.eu\/\"},{\"@type\":\"ListItem\",\"position\":2,\"name\":\"8 avril: journ\u00e9e nationale des ambulanciers\"}]},{\"@type\":\"WebSite\",\"@id\":\"https:\/\/www.recover.eu\/#website\",\"url\":\"https:\/\/www.recover.eu\/\",\"name\":\"INTERNATIONAL RECOVER COMPANY\",\"description\":\"Votre partenaire de confiance pour la gestion et la r\u00e9solution de vos probl\u00e8mes de cr\u00e9ances.\",\"publisher\":{\"@id\":\"https:\/\/www.recover.eu\/#organization\"},\"potentialAction\":[{\"@type\":\"SearchAction\",\"target\":{\"@type\":\"EntryPoint\",\"urlTemplate\":\"https:\/\/www.recover.eu\/?s={search_term_string}\"},\"query-input\":{\"@type\":\"PropertyValueSpecification\",\"valueRequired\":true,\"valueName\":\"search_term_string\"}}],\"inLanguage\":\"en-IT\"},{\"@type\":\"Organization\",\"@id\":\"https:\/\/www.recover.eu\/#organization\",\"name\":\"INTERNATIONAL RECOVER COMPANY\u00ae\",\"url\":\"https:\/\/www.recover.eu\/\",\"logo\":{\"@type\":\"ImageObject\",\"inLanguage\":\"en-IT\",\"@id\":\"https:\/\/www.recover.eu\/#\/schema\/logo\/image\/\",\"url\":\"http:\/\/www.recover.eu\/wp-content\/uploads\/2023\/05\/logo-recover.png\",\"contentUrl\":\"http:\/\/www.recover.eu\/wp-content\/uploads\/2023\/05\/logo-recover.png\",\"width\":202,\"height\":115,\"caption\":\"INTERNATIONAL RECOVER COMPANY\u00ae\"},\"image\":{\"@id\":\"https:\/\/www.recover.eu\/#\/schema\/logo\/image\/\"},\"sameAs\":[\"https:\/\/www.facebook.com\/RECOVER.EU\",\"https:\/\/x.com\/RECOVER_EU\",\"https:\/\/www.linkedin.com\/company\/irc-group-sa\/\",\"https:\/\/www.instagram.com\/recover.eu\/\",\"https:\/\/www.youtube.com\/@internationalrecovercompan1612\"]},{\"@type\":\"Person\",\"@id\":\"https:\/\/www.recover.eu\/#\/schema\/person\/006ae0699e3d723b210f7ca0b022e318\",\"name\":\"superadmin\",\"image\":{\"@type\":\"ImageObject\",\"inLanguage\":\"en-IT\",\"@id\":\"https:\/\/www.recover.eu\/#\/schema\/person\/image\/\",\"url\":\"https:\/\/secure.gravatar.com\/avatar\/b6d7588469c8271214df96d279b8257b63b549db031335a84d784d35ab5063de?s=96&d=mm&r=g\",\"contentUrl\":\"https:\/\/secure.gravatar.com\/avatar\/b6d7588469c8271214df96d279b8257b63b549db031335a84d784d35ab5063de?s=96&d=mm&r=g\",\"caption\":\"superadmin\"},\"sameAs\":[\"http:\/\/www.recover.eu\"],\"url\":\"https:\/\/www.recover.eu\/en_it\/conseils\/author\/superadmin\/\"}]}<\/script>\n<!-- \/ Yoast SEO plugin. -->","yoast_head_json":{"title":"8 avril: journ\u00e9e nationale des ambulanciers - INTERNATIONAL RECOVER COMPANY","description":"Le 8 avril, mettons \u00e0 l\u2019honneur les ambulanciers. D\u00e9couvrez leur r\u00f4le essentiel et les d\u00e9fis de ce m\u00e9tier souvent m\u00e9connu.","robots":{"index":"index","follow":"follow","max-snippet":"max-snippet:-1","max-image-preview":"max-image-preview:large","max-video-preview":"max-video-preview:-1"},"canonical":"https:\/\/www.recover.eu\/en_it\/advice-2\/8-april-national-paramedics-day\/","og_locale":"en_US","og_type":"article","og_title":"8 avril: journ\u00e9e nationale des ambulanciers - INTERNATIONAL RECOVER COMPANY","og_description":"Le 8 avril, mettons \u00e0 l\u2019honneur les ambulanciers. D\u00e9couvrez leur r\u00f4le essentiel et les d\u00e9fis de ce m\u00e9tier souvent m\u00e9connu.","og_url":"https:\/\/www.recover.eu\/en_it\/advice-2\/8-april-national-paramedics-day\/","og_site_name":"INTERNATIONAL RECOVER COMPANY","article_publisher":"https:\/\/www.facebook.com\/RECOVER.EU","article_published_time":"2022-04-09T12:33:41+00:00","article_modified_time":"2025-03-26T14:49:13+00:00","og_image":[{"width":400,"height":283,"url":"https:\/\/www.recover.eu\/wp-content\/uploads\/2023\/05\/143.png","type":"image\/png"}],"author":"superadmin","twitter_card":"summary_large_image","twitter_creator":"@RECOVER_EU","twitter_site":"@RECOVER_EU","twitter_misc":{"Written by":"superadmin","Est. reading time":"2 minutes"},"schema":{"@context":"https:\/\/schema.org","@graph":[{"@type":"Article","@id":"https:\/\/www.recover.eu\/conseils\/8-avril-journee-nationale-des-ambulanciers\/#article","isPartOf":{"@id":"https:\/\/www.recover.eu\/conseils\/8-avril-journee-nationale-des-ambulanciers\/"},"author":{"name":"superadmin","@id":"https:\/\/www.recover.eu\/#\/schema\/person\/006ae0699e3d723b210f7ca0b022e318"},"headline":"8 avril: journ\u00e9e nationale des ambulanciers","datePublished":"2022-04-09T12:33:41+00:00","dateModified":"2025-03-26T14:49:13+00:00","mainEntityOfPage":{"@id":"https:\/\/www.recover.eu\/conseils\/8-avril-journee-nationale-des-ambulanciers\/"},"wordCount":210,"commentCount":0,"publisher":{"@id":"https:\/\/www.recover.eu\/#organization"},"image":{"@id":"https:\/\/www.recover.eu\/conseils\/8-avril-journee-nationale-des-ambulanciers\/#primaryimage"},"thumbnailUrl":"https:\/\/www.recover.eu\/wp-content\/uploads\/2023\/05\/143.png","articleSection":["Client, on me doit de l'argent"],"inLanguage":"en-IT"},{"@type":"WebPage","@id":"https:\/\/www.recover.eu\/conseils\/8-avril-journee-nationale-des-ambulanciers\/","url":"https:\/\/www.recover.eu\/conseils\/8-avril-journee-nationale-des-ambulanciers\/","name":"8 avril: journ\u00e9e nationale des ambulanciers - INTERNATIONAL RECOVER COMPANY","isPartOf":{"@id":"https:\/\/www.recover.eu\/#website"},"primaryImageOfPage":{"@id":"https:\/\/www.recover.eu\/conseils\/8-avril-journee-nationale-des-ambulanciers\/#primaryimage"},"image":{"@id":"https:\/\/www.recover.eu\/conseils\/8-avril-journee-nationale-des-ambulanciers\/#primaryimage"},"thumbnailUrl":"https:\/\/www.recover.eu\/wp-content\/uploads\/2023\/05\/143.png","datePublished":"2022-04-09T12:33:41+00:00","dateModified":"2025-03-26T14:49:13+00:00","description":"Le 8 avril, mettons \u00e0 l\u2019honneur les ambulanciers. D\u00e9couvrez leur r\u00f4le essentiel et les d\u00e9fis de ce m\u00e9tier souvent m\u00e9connu.","breadcrumb":{"@id":"https:\/\/www.recover.eu\/conseils\/8-avril-journee-nationale-des-ambulanciers\/#breadcrumb"},"inLanguage":"en-IT","potentialAction":[{"@type":"ReadAction","target":["https:\/\/www.recover.eu\/conseils\/8-avril-journee-nationale-des-ambulanciers\/"]}]},{"@type":"ImageObject","inLanguage":"en-IT","@id":"https:\/\/www.recover.eu\/conseils\/8-avril-journee-nationale-des-ambulanciers\/#primaryimage","url":"https:\/\/www.recover.eu\/wp-content\/uploads\/2023\/05\/143.png","contentUrl":"https:\/\/www.recover.eu\/wp-content\/uploads\/2023\/05\/143.png","width":400,"height":283},{"@type":"BreadcrumbList","@id":"https:\/\/www.recover.eu\/conseils\/8-avril-journee-nationale-des-ambulanciers\/#breadcrumb","itemListElement":[{"@type":"ListItem","position":1,"name":"Accueil","item":"https:\/\/www.recover.eu\/"},{"@type":"ListItem","position":2,"name":"8 avril: journ\u00e9e nationale des ambulanciers"}]},{"@type":"WebSite","@id":"https:\/\/www.recover.eu\/#website","url":"https:\/\/www.recover.eu\/","name":"INTERNATIONAL RECOVER COMPANY","description":"Votre partenaire de confiance pour la gestion et la r\u00e9solution de vos probl\u00e8mes de cr\u00e9ances.","publisher":{"@id":"https:\/\/www.recover.eu\/#organization"},"potentialAction":[{"@type":"SearchAction","target":{"@type":"EntryPoint","urlTemplate":"https:\/\/www.recover.eu\/?s={search_term_string}"},"query-input":{"@type":"PropertyValueSpecification","valueRequired":true,"valueName":"search_term_string"}}],"inLanguage":"en-IT"},{"@type":"Organization","@id":"https:\/\/www.recover.eu\/#organization","name":"INTERNATIONAL RECOVER COMPANY\u00ae","url":"https:\/\/www.recover.eu\/","logo":{"@type":"ImageObject","inLanguage":"en-IT","@id":"https:\/\/www.recover.eu\/#\/schema\/logo\/image\/","url":"http:\/\/www.recover.eu\/wp-content\/uploads\/2023\/05\/logo-recover.png","contentUrl":"http:\/\/www.recover.eu\/wp-content\/uploads\/2023\/05\/logo-recover.png","width":202,"height":115,"caption":"INTERNATIONAL RECOVER COMPANY\u00ae"},"image":{"@id":"https:\/\/www.recover.eu\/#\/schema\/logo\/image\/"},"sameAs":["https:\/\/www.facebook.com\/RECOVER.EU","https:\/\/x.com\/RECOVER_EU","https:\/\/www.linkedin.com\/company\/irc-group-sa\/","https:\/\/www.instagram.com\/recover.eu\/","https:\/\/www.youtube.com\/@internationalrecovercompan1612"]},{"@type":"Person","@id":"https:\/\/www.recover.eu\/#\/schema\/person\/006ae0699e3d723b210f7ca0b022e318","name":"superadmin","image":{"@type":"ImageObject","inLanguage":"en-IT","@id":"https:\/\/www.recover.eu\/#\/schema\/person\/image\/","url":"https:\/\/secure.gravatar.com\/avatar\/b6d7588469c8271214df96d279b8257b63b549db031335a84d784d35ab5063de?s=96&d=mm&r=g","contentUrl":"https:\/\/secure.gravatar.com\/avatar\/b6d7588469c8271214df96d279b8257b63b549db031335a84d784d35ab5063de?s=96&d=mm&r=g","caption":"superadmin"},"sameAs":["http:\/\/www.recover.eu"],"url":"https:\/\/www.recover.eu\/en_it\/conseils\/author\/superadmin\/"}]}},"_links":{"self":[{"href":"https:\/\/www.recover.eu\/en_it\/wp-json\/wp\/v2\/posts\/841","targetHints":{"allow":["GET"]}}],"collection":[{"href":"https:\/\/www.recover.eu\/en_it\/wp-json\/wp\/v2\/posts"}],"about":[{"href":"https:\/\/www.recover.eu\/en_it\/wp-json\/wp\/v2\/types\/post"}],"author":[{"embeddable":true,"href":"https:\/\/www.recover.eu\/en_it\/wp-json\/wp\/v2\/users\/1"}],"replies":[{"embeddable":true,"href":"https:\/\/www.recover.eu\/en_it\/wp-json\/wp\/v2\/comments?post=841"}],"version-history":[{"count":1,"href":"https:\/\/www.recover.eu\/en_it\/wp-json\/wp\/v2\/posts\/841\/revisions"}],"predecessor-version":[{"id":2723,"href":"https:\/\/www.recover.eu\/en_it\/wp-json\/wp\/v2\/posts\/841\/revisions\/2723"}],"wp:featuredmedia":[{"embeddable":true,"href":"https:\/\/www.recover.eu\/en_it\/wp-json\/wp\/v2\/media\/844"}],"wp:attachment":[{"href":"https:\/\/www.recover.eu\/en_it\/wp-json\/wp\/v2\/media?parent=841"}],"wp:term":[{"taxonomy":"category","embeddable":true,"href":"https:\/\/www.recover.eu\/en_it\/wp-json\/wp\/v2\/categories?post=841"},{"taxonomy":"post_tag","embeddable":true,"href":"https:\/\/www.recover.eu\/en_it\/wp-json\/wp\/v2\/tags?post=841"}],"curies":[{"name":"wp","href":"https:\/\/api.w.org\/{rel}","templated":true}]}}