{"id":1775,"date":"2023-07-18T11:46:45","date_gmt":"2023-07-18T09:46:45","guid":{"rendered":"https:\/\/recover.irc-consulting.be\/?p=1775"},"modified":"2025-03-21T10:06:40","modified_gmt":"2025-03-21T09:06:40","slug":"uj-belga-jogszabalyok-fogyasztoi-adossag-felkeszules-nagy-valtoztatasra","status":"publish","type":"post","link":"https:\/\/www.recover.eu\/hu\/tanacs\/uj-belga-jogszabalyok-fogyasztoi-adossag-felkeszules-nagy-valtoztatasra\/","title":{"rendered":"\u00daj belga fogyaszt\u00f3i ad\u00f3ss\u00e1gt\u00f6rv\u00e9ny: K\u00e9sz\u00fclj\u00f6n fel a nagy v\u00e1ltoz\u00e1sra!"},"content":{"rendered":"<p>A szolg\u00e1ltat\u00f3k \u00e9s a mag\u00e1nfogyaszt\u00f3k k\u00f6z\u00f6tti kapcsolatokat befoly\u00e1sol\u00f3 \u00faj jogi keretet nemr\u00e9g vezett\u00e9k be. A B2C szektorban m\u0171k\u00f6d\u0151 c\u00e9geknek sz\u00e1nt t\u00f6rv\u00e9ny bizonyos l\u00e9nyeges k\u00f6telezetts\u00e9geket \u00edr el\u0151, \u00e9s jelent\u0151s v\u00e1ltoz\u00e1sokhoz vezet, amelyek \u00e9bers\u00e9get \u00e9s alkalmazkod\u00e1st ig\u00e9nyelnek.<\/p>\n\n\n\n<p>A 2023. szeptember 1-j\u00e9n hat\u00e1lyba l\u00e9p\u0151 jogszab\u00e1ly jelent\u0151s v\u00e1ltoz\u00e1sokat \u00edr el\u0151 az \u00e1ltal\u00e1nos fizet\u00e9si felt\u00e9telekben. Pontosabban, ez az \u00faj t\u00f6rv\u00e9ny most hat\u00e1rozza meg a k\u00e9sedelmes fizet\u00e9s eset\u00e9n ig\u00e9nyelhet\u0151 maxim\u00e1lis k\u00f6lts\u00e9geket \u00e9s kamatot. Ezeket az \u00f6sszegeket most egy\u00e9rtelm\u0171en fel kell t\u00fcntetni a fizet\u00e9si felt\u00e9telekben. Ez\u00e9rt kulcsfontoss\u00e1g\u00fa, hogy most friss\u00edtse az \u00e1ltal\u00e1nos szerz\u0151d\u00e9si felt\u00e9teleket a megfelel\u0151s\u00e9g biztos\u00edt\u00e1sa \u00e9rdek\u00e9ben.<\/p>\n\n\n\n<h2 class=\"wp-block-heading\"><strong><u>Milyen hat\u00e1ssal van ez az \u00faj t\u00f6rv\u00e9ny az \u00d6n sz\u00e1ml\u00e1ira?<\/u><\/strong><\/h2>\n\n\n\n<p>Eml\u00e9keztet\u0151\u00fcl: a t\u00f6rv\u00e9ny csak a B2C szektorra vonatkozik (c\u00e9gek \u00e9s mag\u00e1nszem\u00e9lyek k\u00f6z\u00f6tt). Ez\u00e9rt nem lesz v\u00e1ltoz\u00e1s, ha \u00d6n B2B-ben (c\u00e9gek k\u00f6z\u00f6tt) dolgozik.<\/p>\n\n\n\n<p>Ahogy fentebb eml\u00edtett\u00fck, szeptember 1-t\u0151l az \u00faj jogszab\u00e1ly el\u0151\u00edrja, hogy m\u00f3dos\u00edtsa az \u00faj \u00e1ltal\u00e1nos fizet\u00e9si felt\u00e9teleket a sz\u00e1ml\u00e1in. De ez hat\u00e1ssal lesz a megl\u00e9v\u0151 sz\u00e1ml\u00e1ira \u00e9s fizet\u00e9si eml\u00e9keztet\u0151ire is. Az els\u0151 eml\u00e9keztet\u0151 k\u00f6telez\u0151v\u00e9 \u00e9s ingyeness\u00e9 v\u00e1lik, m\u00edg a megl\u00e9v\u0151 sz\u00e1ml\u00e1kra 2023 december\u00e9ig a r\u00e9gi \u00e1ltal\u00e1nos szerz\u0151d\u00e9si felt\u00e9telek maradnak \u00e9rv\u00e9nyben.<\/p>\n\n\n\n<h2 class=\"wp-block-heading\"><strong><u>Milyen l\u00e9p\u00e9seket kell tennie, hogy alkalmazkodjon ehhez a v\u00e1ltoz\u00e1shoz?<\/u><\/strong><\/h2>\n\n\n\n<h3 class=\"wp-block-heading\"><strong>1) Az els\u0151 ingyenes \u00e9s k\u00f6telez\u0151 eml\u00e9keztet\u0151<\/strong><\/h3>\n\n\n\n<p>A c\u00e9g ezent\u00fal k\u00f6teles az els\u0151 fizet\u00e9si felsz\u00f3l\u00edt\u00e1st ingyenesen k\u00fcldeni, valamint 14 napos hat\u00e1rid\u0151t biztos\u00edtani a k\u00e9sedelmi p\u00f3tl\u00e9k \u00e9s kamat ig\u00e9nyl\u00e9s\u00e9re.<\/p>\n\n\n\n<p>Ennek az els\u0151 eml\u00e9keztet\u0151nek a k\u00f6vetkez\u0151 inform\u00e1ci\u00f3kat kell tartalmaznia:<\/p>\n\n\n\n<ul class=\"wp-block-list\">\n<li>A h\u00e1tral\u00e9v\u0151 esed\u00e9kes \u00f6sszeg \u00e9s a nemfizet\u00e9s eset\u00e9n alkalmazand\u00f3 \u00e1ltal\u00e1nos fizet\u00e9si felt\u00e9telek;<\/li>\n\n\n\n<li>a sz\u00e1ll\u00edt\u00f3 el\u00e9rhet\u0151s\u00e9gei;<\/li>\n\n\n\n<li>Annak a szolg\u00e1ltat\u00e1snak a le\u00edr\u00e1sa, amely\u00e9rt a tartoz\u00e1s esed\u00e9kes;<\/li>\n\n\n\n<li>A k\u00f6lts\u00e9gig\u00e9nyl\u00e9s id\u0151tartama (amely nem lehet r\u00f6videbb 14 napn\u00e1l + 3 munkanap, ha az eml\u00e9keztet\u0151t post\u00e1n k\u00fcldik).<\/li>\n<\/ul>\n\n\n\n<p><\/p>\n\n\n\n<h3 class=\"wp-block-heading\"><strong>2) K\u00e1rt\u00e9r\u00edt\u00e9s<\/strong><\/h3>\n\n\n\n<p>A t\u00f6rv\u00e9ny korl\u00e1tozza a k\u00e1rt\u00e9r\u00edt\u00e9si z\u00e1rad\u00e9kokat annak elker\u00fcl\u00e9se \u00e9rdek\u00e9ben, hogy azok t\u00falz\u00f3ak legyenek az elszenvedett k\u00e1rhoz k\u00e9pest. A t\u00f6rv\u00e9ny \u00e9rtelm\u00e9ben a fix k\u00e1rt\u00e9r\u00edt\u00e9s \u00e9s a k\u00e9sedelmi kamatok fels\u0151 hat\u00e1ra az al\u00e1bbiak szerint t\u00f6rt\u00e9nik:<\/p>\n\n\n\n<ul class=\"wp-block-list\">\n<li>150 eur\u00f3n\u00e1l kisebb tartoz\u00e1s eset\u00e9n a maxim\u00e1lis fix kompenz\u00e1ci\u00f3 20 eur\u00f3<\/li>\n\n\n\n<li>A 150,01 \u00e9s 500 eur\u00f3 k\u00f6z\u00f6tti tartoz\u00e1sok eset\u00e9n az \u00e1tal\u00e1ny\u00f6sszeg el\u00e9rheti a 30 eur\u00f3t + az ebben a r\u00e9szletben esed\u00e9kes \u00f6sszeg 101 TP3 tonn\u00e1j\u00e1t<\/li>\n\n\n\n<li>500,01 eur\u00f3 feletti tartoz\u00e1s eset\u00e9n az egy\u00f6sszeg\u0171 k\u00e1rt\u00e9r\u00edt\u00e9s maxim\u00e1lis \u00f6sszege 65 eur\u00f3 + 51 TP3T az 500,01 eur\u00f3 feletti r\u00e9szben esed\u00e9kes \u00f6sszegb\u0151l, de nem haladhatja meg a 2000 eur\u00f3t<\/li>\n<\/ul>\n\n\n\n<p><\/p>\n\n\n\n<p>\u00d6sszefoglalva, ez az \u00faj jogszab\u00e1ly arra k\u00e9szteti a B2C szektorban m\u0171k\u00f6d\u0151 v\u00e1llalatokat, hogy jav\u00edts\u00e1k \u00e1tl\u00e1that\u00f3s\u00e1gukat \u00e9s ad\u00f3ss\u00e1gkezel\u00e9s\u00fcket.<\/p>\n\n\n\n<p>2023.09.01-t\u0151l a c\u00e9geknek meg kell felelni\u00fck az \u00faj ir\u00e1nyelveknek. A kor\u00e1bbi sz\u00e1ml\u00e1kra 2023 december\u00e9ig a r\u00e9gi jogszab\u00e1lyok maradnak \u00e9rv\u00e9nyben. Ez\u00e9rt fontos, hogy ezeket a sz\u00e1ml\u00e1kat a lehet\u0151 leghamarabb beszed\u00e9sre k\u00fcldj\u00e9k.<\/p>\n\n\n\n<p class=\"translation-block\">Ha k\u00e9rd\u00e9sek vagy agg\u00e1lyok megv\u00e1laszolatlanok maradnak, az <a href=\"\/\/www.recover.eu\" target=\"_self\">INTERNATIONAL RECOVER COMPANY<\/a> \u00fcgyf\u00e9lszolg\u00e1lati oszt\u00e1lya k\u00e9szs\u00e9ggel \u00e1ll rendelkez\u00e9s\u00e9re, hogy a sz\u00fcks\u00e9ges seg\u00edts\u00e9get megadja.<\/p>\n\n\n\n<p><\/p>","protected":false},"excerpt":{"rendered":"<p>A k\u00f6zelm\u00faltban olyan vadonat\u00faj jogszab\u00e1lyok l\u00e9ptek \u00e9letbe, amelyek k\u00f6zvetlen\u00fcl \u00e9rintik a szolg\u00e1ltat\u00f3k \u00e9s a mag\u00e1nfogyaszt\u00f3k kapcsolat\u00e1t. A kifejezetten a B2C ter\u00fcleten tev\u00e9kenyked\u0151 c\u00e9gek sz\u00e1m\u00e1ra k\u00e9sz\u00fclt ez a t\u00f6rv\u00e9ny alapvet\u0151 k\u00f6telezetts\u00e9geket vezet be, \u00e9s jelent\u0151s v\u00e1ltoz\u00e1sokhoz vezet, amelyek odafigyel\u00e9st \u00e9s alkalmazkod\u00e1st ig\u00e9nyelnek.<\/p>","protected":false},"author":1,"featured_media":1777,"comment_status":"closed","ping_status":"closed","sticky":false,"template":"","format":"standard","meta":{"footnotes":""},"categories":[6],"tags":[],"class_list":["post-1775","post","type-post","status-publish","format-standard","has-post-thumbnail","hentry","category-clients"],"yoast_head":"<!-- This site is optimized with the Yoast SEO plugin v25.3.1 - https:\/\/yoast.com\/wordpress\/plugins\/seo\/ -->\n<title>Nouvelle l\u00e9gislation belge sur les dettes des consommateurs\u00a0: Pr\u00e9parez-vous \u00e0 un changement de taille\u00a0! - INTERNATIONAL RECOVER COMPANY<\/title>\n<meta name=\"description\" content=\"D\u00e9couvrez les changements majeurs dans la l\u00e9gislation belge sur les dettes des consommateurs. Pr\u00e9parez-vous \u00e0 ces nouvelles r\u00e8gles et assurez-vous de respecter les exigences pour la gestion des cr\u00e9ances et des paiements en retard.\" \/>\n<meta name=\"robots\" content=\"index, follow, max-snippet:-1, max-image-preview:large, max-video-preview:-1\" \/>\n<link rel=\"canonical\" href=\"https:\/\/www.recover.eu\/hu\/tanacs\/uj-belga-jogszabalyok-fogyasztoi-adossag-felkeszules-nagy-valtoztatasra\/\" \/>\n<meta property=\"og:locale\" content=\"hu_HU\" \/>\n<meta property=\"og:type\" content=\"article\" \/>\n<meta property=\"og:title\" content=\"Nouvelle l\u00e9gislation belge sur les dettes des consommateurs\u00a0: Pr\u00e9parez-vous \u00e0 un changement de taille\u00a0! - INTERNATIONAL RECOVER COMPANY\" \/>\n<meta property=\"og:description\" content=\"D\u00e9couvrez les changements majeurs dans la l\u00e9gislation belge sur les dettes des consommateurs. Pr\u00e9parez-vous \u00e0 ces nouvelles r\u00e8gles et assurez-vous de respecter les exigences pour la gestion des cr\u00e9ances et des paiements en retard.\" \/>\n<meta property=\"og:url\" content=\"https:\/\/www.recover.eu\/hu\/tanacs\/uj-belga-jogszabalyok-fogyasztoi-adossag-felkeszules-nagy-valtoztatasra\/\" \/>\n<meta property=\"og:site_name\" content=\"INTERNATIONAL RECOVER COMPANY\" \/>\n<meta property=\"article:publisher\" content=\"https:\/\/www.facebook.com\/RECOVER.EU\" \/>\n<meta property=\"article:published_time\" content=\"2023-07-18T09:46:45+00:00\" \/>\n<meta property=\"article:modified_time\" content=\"2025-03-21T09:06:40+00:00\" \/>\n<meta property=\"og:image\" content=\"https:\/\/www.recover.eu\/wp-content\/uploads\/2023\/07\/nouvelle-loi-copie.jpg\" \/>\n\t<meta property=\"og:image:width\" content=\"800\" \/>\n\t<meta property=\"og:image:height\" content=\"533\" \/>\n\t<meta property=\"og:image:type\" content=\"image\/jpeg\" \/>\n<meta name=\"author\" content=\"superadmin\" \/>\n<meta name=\"twitter:card\" content=\"summary_large_image\" \/>\n<meta name=\"twitter:creator\" content=\"@RECOVER_EU\" \/>\n<meta name=\"twitter:site\" content=\"@RECOVER_EU\" \/>\n<meta name=\"twitter:label1\" content=\"Szerz\u0151:\" \/>\n\t<meta name=\"twitter:data1\" content=\"superadmin\" \/>\n\t<meta name=\"twitter:label2\" content=\"Becs\u00fclt olvas\u00e1si id\u0151\" \/>\n\t<meta name=\"twitter:data2\" content=\"3 perc\" \/>\n<script type=\"application\/ld+json\" class=\"yoast-schema-graph\">{\"@context\":\"https:\/\/schema.org\",\"@graph\":[{\"@type\":\"Article\",\"@id\":\"https:\/\/www.recover.eu\/conseils\/nouvelle-legislation-belge-sur-les-dettes-des-consommateurs-preparez-vous-a-un-changement-de-taille\/#article\",\"isPartOf\":{\"@id\":\"https:\/\/www.recover.eu\/conseils\/nouvelle-legislation-belge-sur-les-dettes-des-consommateurs-preparez-vous-a-un-changement-de-taille\/\"},\"author\":{\"name\":\"superadmin\",\"@id\":\"https:\/\/www.recover.eu\/#\/schema\/person\/006ae0699e3d723b210f7ca0b022e318\"},\"headline\":\"Nouvelle l\u00e9gislation belge sur les dettes des consommateurs\u00a0: Pr\u00e9parez-vous \u00e0 un changement de taille\u00a0!\",\"datePublished\":\"2023-07-18T09:46:45+00:00\",\"dateModified\":\"2025-03-21T09:06:40+00:00\",\"mainEntityOfPage\":{\"@id\":\"https:\/\/www.recover.eu\/conseils\/nouvelle-legislation-belge-sur-les-dettes-des-consommateurs-preparez-vous-a-un-changement-de-taille\/\"},\"wordCount\":564,\"publisher\":{\"@id\":\"https:\/\/www.recover.eu\/#organization\"},\"image\":{\"@id\":\"https:\/\/www.recover.eu\/conseils\/nouvelle-legislation-belge-sur-les-dettes-des-consommateurs-preparez-vous-a-un-changement-de-taille\/#primaryimage\"},\"thumbnailUrl\":\"https:\/\/www.recover.eu\/wp-content\/uploads\/2023\/07\/nouvelle-loi-copie.jpg\",\"articleSection\":[\"Client, on me doit de l'argent\"],\"inLanguage\":\"hu\"},{\"@type\":\"WebPage\",\"@id\":\"https:\/\/www.recover.eu\/conseils\/nouvelle-legislation-belge-sur-les-dettes-des-consommateurs-preparez-vous-a-un-changement-de-taille\/\",\"url\":\"https:\/\/www.recover.eu\/conseils\/nouvelle-legislation-belge-sur-les-dettes-des-consommateurs-preparez-vous-a-un-changement-de-taille\/\",\"name\":\"Nouvelle l\u00e9gislation belge sur les dettes des consommateurs\u00a0: Pr\u00e9parez-vous \u00e0 un changement de taille\u00a0! - INTERNATIONAL RECOVER COMPANY\",\"isPartOf\":{\"@id\":\"https:\/\/www.recover.eu\/#website\"},\"primaryImageOfPage\":{\"@id\":\"https:\/\/www.recover.eu\/conseils\/nouvelle-legislation-belge-sur-les-dettes-des-consommateurs-preparez-vous-a-un-changement-de-taille\/#primaryimage\"},\"image\":{\"@id\":\"https:\/\/www.recover.eu\/conseils\/nouvelle-legislation-belge-sur-les-dettes-des-consommateurs-preparez-vous-a-un-changement-de-taille\/#primaryimage\"},\"thumbnailUrl\":\"https:\/\/www.recover.eu\/wp-content\/uploads\/2023\/07\/nouvelle-loi-copie.jpg\",\"datePublished\":\"2023-07-18T09:46:45+00:00\",\"dateModified\":\"2025-03-21T09:06:40+00:00\",\"description\":\"D\u00e9couvrez les changements majeurs dans la l\u00e9gislation belge sur les dettes des consommateurs. Pr\u00e9parez-vous \u00e0 ces nouvelles r\u00e8gles et assurez-vous de respecter les exigences pour la gestion des cr\u00e9ances et des paiements en retard.\",\"breadcrumb\":{\"@id\":\"https:\/\/www.recover.eu\/conseils\/nouvelle-legislation-belge-sur-les-dettes-des-consommateurs-preparez-vous-a-un-changement-de-taille\/#breadcrumb\"},\"inLanguage\":\"hu\",\"potentialAction\":[{\"@type\":\"ReadAction\",\"target\":[\"https:\/\/www.recover.eu\/conseils\/nouvelle-legislation-belge-sur-les-dettes-des-consommateurs-preparez-vous-a-un-changement-de-taille\/\"]}]},{\"@type\":\"ImageObject\",\"inLanguage\":\"hu\",\"@id\":\"https:\/\/www.recover.eu\/conseils\/nouvelle-legislation-belge-sur-les-dettes-des-consommateurs-preparez-vous-a-un-changement-de-taille\/#primaryimage\",\"url\":\"https:\/\/www.recover.eu\/wp-content\/uploads\/2023\/07\/nouvelle-loi-copie.jpg\",\"contentUrl\":\"https:\/\/www.recover.eu\/wp-content\/uploads\/2023\/07\/nouvelle-loi-copie.jpg\",\"width\":800,\"height\":533},{\"@type\":\"BreadcrumbList\",\"@id\":\"https:\/\/www.recover.eu\/conseils\/nouvelle-legislation-belge-sur-les-dettes-des-consommateurs-preparez-vous-a-un-changement-de-taille\/#breadcrumb\",\"itemListElement\":[{\"@type\":\"ListItem\",\"position\":1,\"name\":\"Accueil\",\"item\":\"https:\/\/www.recover.eu\/\"},{\"@type\":\"ListItem\",\"position\":2,\"name\":\"Nouvelle l\u00e9gislation belge sur les dettes des consommateurs\u00a0: Pr\u00e9parez-vous \u00e0 un changement de taille\u00a0!\"}]},{\"@type\":\"WebSite\",\"@id\":\"https:\/\/www.recover.eu\/#website\",\"url\":\"https:\/\/www.recover.eu\/\",\"name\":\"INTERNATIONAL RECOVER COMPANY\",\"description\":\"Votre partenaire de confiance pour la gestion et la r\u00e9solution de vos probl\u00e8mes de cr\u00e9ances.\",\"publisher\":{\"@id\":\"https:\/\/www.recover.eu\/#organization\"},\"potentialAction\":[{\"@type\":\"SearchAction\",\"target\":{\"@type\":\"EntryPoint\",\"urlTemplate\":\"https:\/\/www.recover.eu\/?s={search_term_string}\"},\"query-input\":{\"@type\":\"PropertyValueSpecification\",\"valueRequired\":true,\"valueName\":\"search_term_string\"}}],\"inLanguage\":\"hu\"},{\"@type\":\"Organization\",\"@id\":\"https:\/\/www.recover.eu\/#organization\",\"name\":\"INTERNATIONAL RECOVER COMPANY\u00ae\",\"url\":\"https:\/\/www.recover.eu\/\",\"logo\":{\"@type\":\"ImageObject\",\"inLanguage\":\"hu\",\"@id\":\"https:\/\/www.recover.eu\/#\/schema\/logo\/image\/\",\"url\":\"http:\/\/www.recover.eu\/wp-content\/uploads\/2023\/05\/logo-recover.png\",\"contentUrl\":\"http:\/\/www.recover.eu\/wp-content\/uploads\/2023\/05\/logo-recover.png\",\"width\":202,\"height\":115,\"caption\":\"INTERNATIONAL RECOVER COMPANY\u00ae\"},\"image\":{\"@id\":\"https:\/\/www.recover.eu\/#\/schema\/logo\/image\/\"},\"sameAs\":[\"https:\/\/www.facebook.com\/RECOVER.EU\",\"https:\/\/x.com\/RECOVER_EU\",\"https:\/\/www.linkedin.com\/company\/irc-group-sa\/\",\"https:\/\/www.instagram.com\/recover.eu\/\",\"https:\/\/www.youtube.com\/@internationalrecovercompan1612\"]},{\"@type\":\"Person\",\"@id\":\"https:\/\/www.recover.eu\/#\/schema\/person\/006ae0699e3d723b210f7ca0b022e318\",\"name\":\"superadmin\",\"image\":{\"@type\":\"ImageObject\",\"inLanguage\":\"hu\",\"@id\":\"https:\/\/www.recover.eu\/#\/schema\/person\/image\/\",\"url\":\"https:\/\/secure.gravatar.com\/avatar\/b6d7588469c8271214df96d279b8257b63b549db031335a84d784d35ab5063de?s=96&d=mm&r=g\",\"contentUrl\":\"https:\/\/secure.gravatar.com\/avatar\/b6d7588469c8271214df96d279b8257b63b549db031335a84d784d35ab5063de?s=96&d=mm&r=g\",\"caption\":\"superadmin\"},\"sameAs\":[\"http:\/\/www.recover.eu\"],\"url\":\"https:\/\/www.recover.eu\/hu\/conseils\/author\/superadmin\/\"}]}<\/script>\n<!-- \/ Yoast SEO plugin. -->","yoast_head_json":{"title":"Nouvelle l\u00e9gislation belge sur les dettes des consommateurs\u00a0: Pr\u00e9parez-vous \u00e0 un changement de taille\u00a0! - INTERNATIONAL RECOVER COMPANY","description":"D\u00e9couvrez les changements majeurs dans la l\u00e9gislation belge sur les dettes des consommateurs. Pr\u00e9parez-vous \u00e0 ces nouvelles r\u00e8gles et assurez-vous de respecter les exigences pour la gestion des cr\u00e9ances et des paiements en retard.","robots":{"index":"index","follow":"follow","max-snippet":"max-snippet:-1","max-image-preview":"max-image-preview:large","max-video-preview":"max-video-preview:-1"},"canonical":"https:\/\/www.recover.eu\/hu\/tanacs\/uj-belga-jogszabalyok-fogyasztoi-adossag-felkeszules-nagy-valtoztatasra\/","og_locale":"hu_HU","og_type":"article","og_title":"Nouvelle l\u00e9gislation belge sur les dettes des consommateurs\u00a0: Pr\u00e9parez-vous \u00e0 un changement de taille\u00a0! - INTERNATIONAL RECOVER COMPANY","og_description":"D\u00e9couvrez les changements majeurs dans la l\u00e9gislation belge sur les dettes des consommateurs. Pr\u00e9parez-vous \u00e0 ces nouvelles r\u00e8gles et assurez-vous de respecter les exigences pour la gestion des cr\u00e9ances et des paiements en retard.","og_url":"https:\/\/www.recover.eu\/hu\/tanacs\/uj-belga-jogszabalyok-fogyasztoi-adossag-felkeszules-nagy-valtoztatasra\/","og_site_name":"INTERNATIONAL RECOVER COMPANY","article_publisher":"https:\/\/www.facebook.com\/RECOVER.EU","article_published_time":"2023-07-18T09:46:45+00:00","article_modified_time":"2025-03-21T09:06:40+00:00","og_image":[{"width":800,"height":533,"url":"https:\/\/www.recover.eu\/wp-content\/uploads\/2023\/07\/nouvelle-loi-copie.jpg","type":"image\/jpeg"}],"author":"superadmin","twitter_card":"summary_large_image","twitter_creator":"@RECOVER_EU","twitter_site":"@RECOVER_EU","twitter_misc":{"Szerz\u0151:":"superadmin","Becs\u00fclt olvas\u00e1si id\u0151":"3 perc"},"schema":{"@context":"https:\/\/schema.org","@graph":[{"@type":"Article","@id":"https:\/\/www.recover.eu\/conseils\/nouvelle-legislation-belge-sur-les-dettes-des-consommateurs-preparez-vous-a-un-changement-de-taille\/#article","isPartOf":{"@id":"https:\/\/www.recover.eu\/conseils\/nouvelle-legislation-belge-sur-les-dettes-des-consommateurs-preparez-vous-a-un-changement-de-taille\/"},"author":{"name":"superadmin","@id":"https:\/\/www.recover.eu\/#\/schema\/person\/006ae0699e3d723b210f7ca0b022e318"},"headline":"Nouvelle l\u00e9gislation belge sur les dettes des consommateurs\u00a0: Pr\u00e9parez-vous \u00e0 un changement de taille\u00a0!","datePublished":"2023-07-18T09:46:45+00:00","dateModified":"2025-03-21T09:06:40+00:00","mainEntityOfPage":{"@id":"https:\/\/www.recover.eu\/conseils\/nouvelle-legislation-belge-sur-les-dettes-des-consommateurs-preparez-vous-a-un-changement-de-taille\/"},"wordCount":564,"publisher":{"@id":"https:\/\/www.recover.eu\/#organization"},"image":{"@id":"https:\/\/www.recover.eu\/conseils\/nouvelle-legislation-belge-sur-les-dettes-des-consommateurs-preparez-vous-a-un-changement-de-taille\/#primaryimage"},"thumbnailUrl":"https:\/\/www.recover.eu\/wp-content\/uploads\/2023\/07\/nouvelle-loi-copie.jpg","articleSection":["Client, on me doit de l'argent"],"inLanguage":"hu"},{"@type":"WebPage","@id":"https:\/\/www.recover.eu\/conseils\/nouvelle-legislation-belge-sur-les-dettes-des-consommateurs-preparez-vous-a-un-changement-de-taille\/","url":"https:\/\/www.recover.eu\/conseils\/nouvelle-legislation-belge-sur-les-dettes-des-consommateurs-preparez-vous-a-un-changement-de-taille\/","name":"Nouvelle l\u00e9gislation belge sur les dettes des consommateurs\u00a0: Pr\u00e9parez-vous \u00e0 un changement de taille\u00a0! - INTERNATIONAL RECOVER COMPANY","isPartOf":{"@id":"https:\/\/www.recover.eu\/#website"},"primaryImageOfPage":{"@id":"https:\/\/www.recover.eu\/conseils\/nouvelle-legislation-belge-sur-les-dettes-des-consommateurs-preparez-vous-a-un-changement-de-taille\/#primaryimage"},"image":{"@id":"https:\/\/www.recover.eu\/conseils\/nouvelle-legislation-belge-sur-les-dettes-des-consommateurs-preparez-vous-a-un-changement-de-taille\/#primaryimage"},"thumbnailUrl":"https:\/\/www.recover.eu\/wp-content\/uploads\/2023\/07\/nouvelle-loi-copie.jpg","datePublished":"2023-07-18T09:46:45+00:00","dateModified":"2025-03-21T09:06:40+00:00","description":"D\u00e9couvrez les changements majeurs dans la l\u00e9gislation belge sur les dettes des consommateurs. Pr\u00e9parez-vous \u00e0 ces nouvelles r\u00e8gles et assurez-vous de respecter les exigences pour la gestion des cr\u00e9ances et des paiements en retard.","breadcrumb":{"@id":"https:\/\/www.recover.eu\/conseils\/nouvelle-legislation-belge-sur-les-dettes-des-consommateurs-preparez-vous-a-un-changement-de-taille\/#breadcrumb"},"inLanguage":"hu","potentialAction":[{"@type":"ReadAction","target":["https:\/\/www.recover.eu\/conseils\/nouvelle-legislation-belge-sur-les-dettes-des-consommateurs-preparez-vous-a-un-changement-de-taille\/"]}]},{"@type":"ImageObject","inLanguage":"hu","@id":"https:\/\/www.recover.eu\/conseils\/nouvelle-legislation-belge-sur-les-dettes-des-consommateurs-preparez-vous-a-un-changement-de-taille\/#primaryimage","url":"https:\/\/www.recover.eu\/wp-content\/uploads\/2023\/07\/nouvelle-loi-copie.jpg","contentUrl":"https:\/\/www.recover.eu\/wp-content\/uploads\/2023\/07\/nouvelle-loi-copie.jpg","width":800,"height":533},{"@type":"BreadcrumbList","@id":"https:\/\/www.recover.eu\/conseils\/nouvelle-legislation-belge-sur-les-dettes-des-consommateurs-preparez-vous-a-un-changement-de-taille\/#breadcrumb","itemListElement":[{"@type":"ListItem","position":1,"name":"Accueil","item":"https:\/\/www.recover.eu\/"},{"@type":"ListItem","position":2,"name":"Nouvelle l\u00e9gislation belge sur les dettes des consommateurs\u00a0: Pr\u00e9parez-vous \u00e0 un changement de taille\u00a0!"}]},{"@type":"WebSite","@id":"https:\/\/www.recover.eu\/#website","url":"https:\/\/www.recover.eu\/","name":"INTERNATIONAL RECOVER COMPANY","description":"Votre partenaire de confiance pour la gestion et la r\u00e9solution de vos probl\u00e8mes de cr\u00e9ances.","publisher":{"@id":"https:\/\/www.recover.eu\/#organization"},"potentialAction":[{"@type":"SearchAction","target":{"@type":"EntryPoint","urlTemplate":"https:\/\/www.recover.eu\/?s={search_term_string}"},"query-input":{"@type":"PropertyValueSpecification","valueRequired":true,"valueName":"search_term_string"}}],"inLanguage":"hu"},{"@type":"Organization","@id":"https:\/\/www.recover.eu\/#organization","name":"INTERNATIONAL RECOVER COMPANY\u00ae","url":"https:\/\/www.recover.eu\/","logo":{"@type":"ImageObject","inLanguage":"hu","@id":"https:\/\/www.recover.eu\/#\/schema\/logo\/image\/","url":"http:\/\/www.recover.eu\/wp-content\/uploads\/2023\/05\/logo-recover.png","contentUrl":"http:\/\/www.recover.eu\/wp-content\/uploads\/2023\/05\/logo-recover.png","width":202,"height":115,"caption":"INTERNATIONAL RECOVER COMPANY\u00ae"},"image":{"@id":"https:\/\/www.recover.eu\/#\/schema\/logo\/image\/"},"sameAs":["https:\/\/www.facebook.com\/RECOVER.EU","https:\/\/x.com\/RECOVER_EU","https:\/\/www.linkedin.com\/company\/irc-group-sa\/","https:\/\/www.instagram.com\/recover.eu\/","https:\/\/www.youtube.com\/@internationalrecovercompan1612"]},{"@type":"Person","@id":"https:\/\/www.recover.eu\/#\/schema\/person\/006ae0699e3d723b210f7ca0b022e318","name":"superadmin","image":{"@type":"ImageObject","inLanguage":"hu","@id":"https:\/\/www.recover.eu\/#\/schema\/person\/image\/","url":"https:\/\/secure.gravatar.com\/avatar\/b6d7588469c8271214df96d279b8257b63b549db031335a84d784d35ab5063de?s=96&d=mm&r=g","contentUrl":"https:\/\/secure.gravatar.com\/avatar\/b6d7588469c8271214df96d279b8257b63b549db031335a84d784d35ab5063de?s=96&d=mm&r=g","caption":"superadmin"},"sameAs":["http:\/\/www.recover.eu"],"url":"https:\/\/www.recover.eu\/hu\/conseils\/author\/superadmin\/"}]}},"_links":{"self":[{"href":"https:\/\/www.recover.eu\/hu\/wp-json\/wp\/v2\/posts\/1775","targetHints":{"allow":["GET"]}}],"collection":[{"href":"https:\/\/www.recover.eu\/hu\/wp-json\/wp\/v2\/posts"}],"about":[{"href":"https:\/\/www.recover.eu\/hu\/wp-json\/wp\/v2\/types\/post"}],"author":[{"embeddable":true,"href":"https:\/\/www.recover.eu\/hu\/wp-json\/wp\/v2\/users\/1"}],"replies":[{"embeddable":true,"href":"https:\/\/www.recover.eu\/hu\/wp-json\/wp\/v2\/comments?post=1775"}],"version-history":[{"count":5,"href":"https:\/\/www.recover.eu\/hu\/wp-json\/wp\/v2\/posts\/1775\/revisions"}],"predecessor-version":[{"id":2765,"href":"https:\/\/www.recover.eu\/hu\/wp-json\/wp\/v2\/posts\/1775\/revisions\/2765"}],"wp:featuredmedia":[{"embeddable":true,"href":"https:\/\/www.recover.eu\/hu\/wp-json\/wp\/v2\/media\/1777"}],"wp:attachment":[{"href":"https:\/\/www.recover.eu\/hu\/wp-json\/wp\/v2\/media?parent=1775"}],"wp:term":[{"taxonomy":"category","embeddable":true,"href":"https:\/\/www.recover.eu\/hu\/wp-json\/wp\/v2\/categories?post=1775"},{"taxonomy":"post_tag","embeddable":true,"href":"https:\/\/www.recover.eu\/hu\/wp-json\/wp\/v2\/tags?post=1775"}],"curies":[{"name":"wp","href":"https:\/\/api.w.org\/{rel}","templated":true}]}}