{"id":823,"date":"2021-08-24T14:28:30","date_gmt":"2021-08-24T12:28:30","guid":{"rendered":"http:\/\/recover.jellyfishcreativestudio.be\/?p=823"},"modified":"2025-03-27T14:19:17","modified_gmt":"2025-03-27T13:19:17","slug":"koveteli-kotelezettseget-penzugyi-mint-pszichologiai-joleteert-2","status":"publish","type":"post","link":"https:\/\/www.recover.eu\/hu\/tanacs\/koveteli-kotelezettseget-penzugyi-mint-pszichologiai-joleteert-2\/","title":{"rendered":"K\u00f6vetelje a j\u00e1rul\u00e9k\u00e1t, anyagi \u00e9s pszichol\u00f3giai j\u00f3l\u00e9te \u00e9rdek\u00e9ben"},"content":{"rendered":"<p><strong>A fokozatosan v\u00e9get \u00e9r\u0151 k\u00e9nyszer-elz\u00e1r\u00e1s id\u0151szaka sokunk sz\u00e1m\u00e1ra lehet\u0151v\u00e9 tette, hogy r\u00e1vil\u00e1g\u00edtsunk szakmai \u00e9let\u00fcnk mag\u00e1n\u00e9let\u00e9re gyakorolt k\u00e1ros hat\u00e1sokra. A k\u00e9sedelmes fizet\u00e9sek sajnos ennek r\u00e9sz\u00e9t k\u00e9pezik, mivel negat\u00edvan befoly\u00e1solj\u00e1k az egy\u00e9ni v\u00e1llalkoz\u00f3k \u00e9s a vezet\u0151k j\u00f3l\u00e9t\u00e9t. \u00cdme n\u00e9h\u00e1ny ok, ha van ilyen, hogy k\u00e9rje a sz\u00e1ml\u00e1k kifizet\u00e9s\u00e9t.<\/strong><\/p>\n\n\n\n<p><strong>P\u00e9nz\u00fcgyi okokb\u00f3l...<\/strong><\/p>\n\n\n\n<p>A szabad\u00fasz\u00f3knak \u00e9s a c\u00e9geknek folyamatosan sz\u00fcks\u00e9g\u00fck van k\u00e9szp\u00e9nzre. Ebben a gazdas\u00e1gi fellend\u00fcl\u00e9s id\u0151szak\u00e1ban megn\u00f6vekednek az ig\u00e9nyeik, \u00e9s senki sem engedheti meg mag\u00e1nak, hogy p\u00e9nzt hagyjon h\u00e1tra.<\/p>\n\n\n\n<p>Szolg\u00e1ltat\u00e1s ny\u00fajt\u00e1sa vagy term\u00e9k sz\u00e1ll\u00edt\u00e1sa el\u0151tt a v\u00e1llalkoz\u00f3nak \u00e1ltal\u00e1ban jelent\u0151s \u00f6sszegeket kell fizetnie. Az alapanyagnak, a sz\u00e1ll\u00edt\u00e1si k\u00f6lts\u00e9geknek, a k\u00e9zm\u0171ves vagy adminisztrat\u00edv csapat\u00e1nak munk\u00e1j\u00e1nak k\u00f6lts\u00e9ge van, amit gyakran csak a szolg\u00e1ltat\u00e1s teljes\u00edt\u00e9se vagy a term\u00e9k biztons\u00e1gos lesz\u00e1ll\u00edt\u00e1sa ut\u00e1n sz\u00e1ml\u00e1z ki. Ezek a d\u00edjak s\u00falyosan terhelik a v\u00e1llalkoz\u00f3k p\u00e9nzforgalm\u00e1t. Nagyon gyakran el\u0151fordul, hogy a v\u00e1llalkoz\u00f3 ezeknek a sz\u00e1ml\u00e1knak a kifizet\u00e9s\u00e9re v\u00e1r, hogy kifizesse a k\u00e9s\u0151bbi sz\u00e1ll\u00edt\u00e1si megrendel\u00e9seket. A m\u0171k\u00f6d\u0151 t\u0151ke sz\u00fcks\u00e9gess\u00e9ge, ez a minim\u00e1lis k\u00e9szp\u00e9nz elengedhetetlen ahhoz, hogy fenntarts\u00e1k v\u00e1llalkoz\u00e1suk eg\u00e9szs\u00e9ges \u00e9s fenntarthat\u00f3 ir\u00e1ny\u00edt\u00e1s\u00e1t.<\/p>\n\n\n\n<p>Ne felejts\u00fck el, hogy a v\u00e1llalkoz\u00f3nak a besz\u00e1ll\u00edt\u00f3i sz\u00e1ml\u00e1it is id\u0151ben ki kell fizetnie. Ha nem fizetnek neki a termel\u00e9si l\u00e1ncban felfel\u00e9, fenn\u00e1ll annak a vesz\u00e9lye, hogy k\u00e9ptelen lesz fizetni a besz\u00e1ll\u00edt\u00f3inak a termel\u00e9si l\u00e1ncban lejjebb. Ez\u00e9rt fenn\u00e1ll annak a vesz\u00e9lye, hogy elvesz\u00edti besz\u00e1ll\u00edt\u00f3i bizalm\u00e1t, t\u00f6bb\u00e9 nem szerzi be id\u0151ben a j\u00f6v\u0151beni rendel\u00e9seihez sz\u00fcks\u00e9ges berendez\u00e9seket, \u00e9s ez\u00e9rt sajnos \u00faj piacokat is kihagy. C\u00e9ge p\u00e9nz\u00fcgyi helyzete szempontj\u00e1b\u00f3l ez\u00e9rt nagyon fontos, hogy ig\u00e9nyt tartson sz\u00e1ml\u00e1inak kifizet\u00e9s\u00e9re, \u00e9s struktur\u00e1lt \u00e9s re\u00e1lis folyamatot alak\u00edtson ki annak \u00e9rdek\u00e9ben, hogy a lehet\u0151 legnagyobb m\u00e9rt\u00e9kben elker\u00fclje a k\u00e9sedelmes fizet\u00e9seket \u00e9s a kifizetetlen sz\u00e1ml\u00e1k pokoli spir\u00e1lj\u00e1t.<\/p>\n\n\n\n<p><strong>De pszichol\u00f3giai okokb\u00f3l is.<\/strong><\/p>\n\n\n\n<p>A v\u00e1llalkoz\u00f3 munk\u00e1t v\u00e9gez, szolg\u00e1ltat\u00e1st ny\u00fajt, \u00e1rut sz\u00e1ll\u00edt. Kiveszi a r\u00e9sz\u00e9t az alkub\u00f3l. Ezut\u00e1n az elv\u00e9gzett munk\u00e1r\u00f3l sz\u00e1ml\u00e1t \u00e1ll\u00edt ki. Ha ezt a sz\u00e1ml\u00e1t nem teljes\u00edtik a megadott id\u0151n bel\u00fcl, annak t\u00f6bb oka lehet (p\u00e9ld\u00e1ul \u00e1tmeneti fel\u00fcgyelet, p\u00e9nz\u00fcgyi neh\u00e9zs\u00e9gek vagy az ad\u00f3s rossz akarata). De nagyon gyakran az a v\u00e1llalkoz\u00f3, akit nem fizetnek, becsapottnak, el\u00e1rultnak \u00e9rzi mag\u00e1t, s\u0151t k\u00e9telyeit fejezi ki saj\u00e1t munk\u00e1j\u00e1val kapcsolatban, amit ennek ellen\u00e9re korrekt\u00fcl v\u00e9geztek, hiszen nincs vita, de nem tartj\u00e1k tiszteletben. M\u00edg \u0151 munkasz\u00fcneti napra j\u00f6tt kaz\u00e1nt jav\u00edtani, vagy \u0151 elhalasztotta a sz\u00fclet\u00e9snapi bulij\u00e1t, hogy megel\u00e9gedjen egy beteg\u00e9vel, addig \u0151 bankk\u00f6lcs\u00f6nt vett fel, hogy tiszteletben tartsa ezt a szaftos \u00faj szerz\u0151d\u00e9st, vagy a mag\u00e1n\u00e9let\u00e9re v\u00e1llalta, hogy m\u00e9g a hat\u00e1rid\u0151 el\u0151tt befejezze a projektet, \u00edgy kiel\u00e9g\u00edti \u00faj \u00fcgyfel\u00e9t, m\u00e9g a sz\u00e1ml\u00e1k id\u0151ben t\u00f6rt\u00e9n\u0151 kifizet\u00e9s\u00e9t sem k\u00f6sz\u00f6ni meg.<\/p>\n\n\n\n<p>Nem mondjuk, hogy minden munka fizet\u00e9st \u00e9rdemel? A v\u00e1llalkoz\u00f3k tiszteletet \u00e9rdemelnek munk\u00e1juk\u00e9rt.<\/p>\n\n\n\n<p>De a fizet\u00e9s elmulaszt\u00e1s\u00e1nak pszichol\u00f3giai hat\u00e1sa nem csak a sz\u00e1ll\u00edt\u00f3ra vonatkozik. Az \u00fcgyf\u00e9l, aki nem fizet, precedenst teremt. Nagyon gyakran m\u00e9g ma is sz\u00e1jr\u00f3l sz\u00e1jra szereznek \u00fcgyfeleket, ak\u00e1r gyakorlatilag, ak\u00e1r nem. Az \u00fcgyfelek ismerik egym\u00e1st, besz\u00e9lnek egym\u00e1ssal. A k\u00f6z\u00f6ss\u00e9gi h\u00e1l\u00f3zatokon kereszt\u00fcl az inform\u00e1ci\u00f3k m\u00e9g gyorsabban keringenek. Azt a sz\u00e1ll\u00edt\u00f3t, aki nem mindig k\u00f6veteli a sz\u00e1ml\u00e1inak kifizet\u00e9s\u00e9t, nagyon gyorsan megismerik, \u00e9s fut\u00f3t\u0171zk\u00e9nt terjed. A sz\u00e1mla ig\u00e9nyl\u00e9s\u00e9nek elmulaszt\u00e1sa h\u00f3labda-hat\u00e1ssal j\u00e1rhat, \u00e9vr\u0151l \u00e9vre n\u0151 a kifizetetlen sz\u00e1ml\u00e1k sz\u00e1ma.<\/p>\n\n\n\n<p><strong>V\u00e1llalkoz\u00e1sa p\u00e9nz\u00fcgyi eg\u00e9szs\u00e9ge \u00e9s lelki j\u00f3l\u00e9te \u00e9rdek\u00e9ben ne hagyja, hogy kifizetetlen ad\u00f3ss\u00e1gok halmoz\u00f3djanak fel. <\/strong>K\u00f6zvetlen\u00fcl reag\u00e1ljon az eml\u00e9keztet\u0151k rendszeres elk\u00fcld\u00e9s\u00e9vel, egyszer\u0171 \u00e9s hat\u00e9kony peres elj\u00e1r\u00e1s kialak\u00edt\u00e1s\u00e1val, \u00e9s ha sz\u00fcks\u00e9ges, ne habozzon felkeresni egy k\u00f6vetel\u00e9sbehajt\u00f3 c\u00e9get.<\/p>","protected":false},"excerpt":{"rendered":"<p>Feltetted m\u00e1r magadnak a k\u00e9rd\u00e9st, hogy milyen pszichol\u00f3giai hat\u00e1sai lehetnek a kifizetetlen ad\u00f3ss\u00e1gnak, nem is besz\u00e9lve a v\u00e1llalatra gyakorolt r\u00f6vid, k\u00f6z\u00e9p- \u00e9s hossz\u00fa t\u00e1v\u00fa p\u00e9nz\u00fcgyi k\u00f6vetkezm\u00e9nyekr\u0151l? \u00cdme n\u00e9h\u00e1ny gondolat a j\u00e1rul\u00e9kig\u00e9nyl\u00e9s el\u0151nyeir\u0151l.<\/p>","protected":false},"author":1,"featured_media":825,"comment_status":"open","ping_status":"open","sticky":false,"template":"","format":"standard","meta":{"footnotes":""},"categories":[6],"tags":[],"class_list":["post-823","post","type-post","status-publish","format-standard","has-post-thumbnail","hentry","category-clients"],"yoast_head":"<!-- This site is optimized with the Yoast SEO plugin v25.3.1 - https:\/\/yoast.com\/wordpress\/plugins\/seo\/ -->\n<title>R\u00e9clamer son d\u00fb, pour son bien-\u00eatre financier comme psychologique - INTERNATIONAL RECOVER COMPANY<\/title>\n<meta name=\"description\" content=\"D\u00e9couvrez les raisons financi\u00e8res et psychologiques pour lesquelles il est important de r\u00e9clamer le paiement de ses impay\u00e9s.\" \/>\n<meta name=\"robots\" content=\"index, follow, max-snippet:-1, max-image-preview:large, max-video-preview:-1\" \/>\n<link rel=\"canonical\" href=\"https:\/\/www.recover.eu\/hu\/tanacs\/koveteli-kotelezettseget-penzugyi-mint-pszichologiai-joleteert-2\/\" \/>\n<meta property=\"og:locale\" content=\"hu_HU\" \/>\n<meta property=\"og:type\" content=\"article\" \/>\n<meta property=\"og:title\" content=\"R\u00e9clamer son d\u00fb, pour son bien-\u00eatre financier comme psychologique - INTERNATIONAL RECOVER COMPANY\" \/>\n<meta property=\"og:description\" content=\"D\u00e9couvrez les raisons financi\u00e8res et psychologiques pour lesquelles il est important de r\u00e9clamer le paiement de ses impay\u00e9s.\" \/>\n<meta property=\"og:url\" content=\"https:\/\/www.recover.eu\/hu\/tanacs\/koveteli-kotelezettseget-penzugyi-mint-pszichologiai-joleteert-2\/\" \/>\n<meta property=\"og:site_name\" content=\"INTERNATIONAL RECOVER COMPANY\" \/>\n<meta property=\"article:publisher\" content=\"https:\/\/www.facebook.com\/RECOVER.EU\" \/>\n<meta property=\"article:published_time\" content=\"2021-08-24T12:28:30+00:00\" \/>\n<meta property=\"article:modified_time\" content=\"2025-03-27T13:19:17+00:00\" \/>\n<meta property=\"og:image\" content=\"https:\/\/www.recover.eu\/wp-content\/uploads\/2023\/05\/162.jpeg\" \/>\n\t<meta property=\"og:image:width\" content=\"400\" \/>\n\t<meta property=\"og:image:height\" content=\"267\" \/>\n\t<meta property=\"og:image:type\" content=\"image\/jpeg\" \/>\n<meta name=\"author\" content=\"superadmin\" \/>\n<meta name=\"twitter:card\" content=\"summary_large_image\" \/>\n<meta name=\"twitter:creator\" content=\"@RECOVER_EU\" \/>\n<meta name=\"twitter:site\" content=\"@RECOVER_EU\" \/>\n<meta name=\"twitter:label1\" content=\"Szerz\u0151:\" \/>\n\t<meta name=\"twitter:data1\" content=\"superadmin\" \/>\n\t<meta name=\"twitter:label2\" content=\"Becs\u00fclt olvas\u00e1si id\u0151\" \/>\n\t<meta name=\"twitter:data2\" content=\"4 perc\" \/>\n<script type=\"application\/ld+json\" class=\"yoast-schema-graph\">{\"@context\":\"https:\/\/schema.org\",\"@graph\":[{\"@type\":\"Article\",\"@id\":\"https:\/\/www.recover.eu\/conseils\/reclamer-son-du-pour-son-bien-etre-financier-comme-psychologique\/#article\",\"isPartOf\":{\"@id\":\"https:\/\/www.recover.eu\/conseils\/reclamer-son-du-pour-son-bien-etre-financier-comme-psychologique\/\"},\"author\":{\"name\":\"superadmin\",\"@id\":\"https:\/\/www.recover.eu\/#\/schema\/person\/006ae0699e3d723b210f7ca0b022e318\"},\"headline\":\"R\u00e9clamer son d\u00fb, pour son bien-\u00eatre financier comme psychologique\",\"datePublished\":\"2021-08-24T12:28:30+00:00\",\"dateModified\":\"2025-03-27T13:19:17+00:00\",\"mainEntityOfPage\":{\"@id\":\"https:\/\/www.recover.eu\/conseils\/reclamer-son-du-pour-son-bien-etre-financier-comme-psychologique\/\"},\"wordCount\":718,\"commentCount\":0,\"publisher\":{\"@id\":\"https:\/\/www.recover.eu\/#organization\"},\"image\":{\"@id\":\"https:\/\/www.recover.eu\/conseils\/reclamer-son-du-pour-son-bien-etre-financier-comme-psychologique\/#primaryimage\"},\"thumbnailUrl\":\"https:\/\/www.recover.eu\/wp-content\/uploads\/2023\/05\/162.jpeg\",\"articleSection\":[\"Client, on me doit de l'argent\"],\"inLanguage\":\"hu\"},{\"@type\":\"WebPage\",\"@id\":\"https:\/\/www.recover.eu\/conseils\/reclamer-son-du-pour-son-bien-etre-financier-comme-psychologique\/\",\"url\":\"https:\/\/www.recover.eu\/conseils\/reclamer-son-du-pour-son-bien-etre-financier-comme-psychologique\/\",\"name\":\"R\u00e9clamer son d\u00fb, pour son bien-\u00eatre financier comme psychologique - INTERNATIONAL RECOVER COMPANY\",\"isPartOf\":{\"@id\":\"https:\/\/www.recover.eu\/#website\"},\"primaryImageOfPage\":{\"@id\":\"https:\/\/www.recover.eu\/conseils\/reclamer-son-du-pour-son-bien-etre-financier-comme-psychologique\/#primaryimage\"},\"image\":{\"@id\":\"https:\/\/www.recover.eu\/conseils\/reclamer-son-du-pour-son-bien-etre-financier-comme-psychologique\/#primaryimage\"},\"thumbnailUrl\":\"https:\/\/www.recover.eu\/wp-content\/uploads\/2023\/05\/162.jpeg\",\"datePublished\":\"2021-08-24T12:28:30+00:00\",\"dateModified\":\"2025-03-27T13:19:17+00:00\",\"description\":\"D\u00e9couvrez les raisons financi\u00e8res et psychologiques pour lesquelles il est important de r\u00e9clamer le paiement de ses impay\u00e9s.\",\"breadcrumb\":{\"@id\":\"https:\/\/www.recover.eu\/conseils\/reclamer-son-du-pour-son-bien-etre-financier-comme-psychologique\/#breadcrumb\"},\"inLanguage\":\"hu\",\"potentialAction\":[{\"@type\":\"ReadAction\",\"target\":[\"https:\/\/www.recover.eu\/conseils\/reclamer-son-du-pour-son-bien-etre-financier-comme-psychologique\/\"]}]},{\"@type\":\"ImageObject\",\"inLanguage\":\"hu\",\"@id\":\"https:\/\/www.recover.eu\/conseils\/reclamer-son-du-pour-son-bien-etre-financier-comme-psychologique\/#primaryimage\",\"url\":\"https:\/\/www.recover.eu\/wp-content\/uploads\/2023\/05\/162.jpeg\",\"contentUrl\":\"https:\/\/www.recover.eu\/wp-content\/uploads\/2023\/05\/162.jpeg\",\"width\":400,\"height\":267},{\"@type\":\"BreadcrumbList\",\"@id\":\"https:\/\/www.recover.eu\/conseils\/reclamer-son-du-pour-son-bien-etre-financier-comme-psychologique\/#breadcrumb\",\"itemListElement\":[{\"@type\":\"ListItem\",\"position\":1,\"name\":\"Accueil\",\"item\":\"https:\/\/www.recover.eu\/\"},{\"@type\":\"ListItem\",\"position\":2,\"name\":\"R\u00e9clamer son d\u00fb, pour son bien-\u00eatre financier comme psychologique\"}]},{\"@type\":\"WebSite\",\"@id\":\"https:\/\/www.recover.eu\/#website\",\"url\":\"https:\/\/www.recover.eu\/\",\"name\":\"INTERNATIONAL RECOVER COMPANY\",\"description\":\"Votre partenaire de confiance pour la gestion et la r\u00e9solution de vos probl\u00e8mes de cr\u00e9ances.\",\"publisher\":{\"@id\":\"https:\/\/www.recover.eu\/#organization\"},\"potentialAction\":[{\"@type\":\"SearchAction\",\"target\":{\"@type\":\"EntryPoint\",\"urlTemplate\":\"https:\/\/www.recover.eu\/?s={search_term_string}\"},\"query-input\":{\"@type\":\"PropertyValueSpecification\",\"valueRequired\":true,\"valueName\":\"search_term_string\"}}],\"inLanguage\":\"hu\"},{\"@type\":\"Organization\",\"@id\":\"https:\/\/www.recover.eu\/#organization\",\"name\":\"INTERNATIONAL RECOVER COMPANY\u00ae\",\"url\":\"https:\/\/www.recover.eu\/\",\"logo\":{\"@type\":\"ImageObject\",\"inLanguage\":\"hu\",\"@id\":\"https:\/\/www.recover.eu\/#\/schema\/logo\/image\/\",\"url\":\"http:\/\/www.recover.eu\/wp-content\/uploads\/2023\/05\/logo-recover.png\",\"contentUrl\":\"http:\/\/www.recover.eu\/wp-content\/uploads\/2023\/05\/logo-recover.png\",\"width\":202,\"height\":115,\"caption\":\"INTERNATIONAL RECOVER COMPANY\u00ae\"},\"image\":{\"@id\":\"https:\/\/www.recover.eu\/#\/schema\/logo\/image\/\"},\"sameAs\":[\"https:\/\/www.facebook.com\/RECOVER.EU\",\"https:\/\/x.com\/RECOVER_EU\",\"https:\/\/www.linkedin.com\/company\/irc-group-sa\/\",\"https:\/\/www.instagram.com\/recover.eu\/\",\"https:\/\/www.youtube.com\/@internationalrecovercompan1612\"]},{\"@type\":\"Person\",\"@id\":\"https:\/\/www.recover.eu\/#\/schema\/person\/006ae0699e3d723b210f7ca0b022e318\",\"name\":\"superadmin\",\"image\":{\"@type\":\"ImageObject\",\"inLanguage\":\"hu\",\"@id\":\"https:\/\/www.recover.eu\/#\/schema\/person\/image\/\",\"url\":\"https:\/\/secure.gravatar.com\/avatar\/b6d7588469c8271214df96d279b8257b63b549db031335a84d784d35ab5063de?s=96&d=mm&r=g\",\"contentUrl\":\"https:\/\/secure.gravatar.com\/avatar\/b6d7588469c8271214df96d279b8257b63b549db031335a84d784d35ab5063de?s=96&d=mm&r=g\",\"caption\":\"superadmin\"},\"sameAs\":[\"http:\/\/www.recover.eu\"],\"url\":\"https:\/\/www.recover.eu\/hu\/conseils\/author\/superadmin\/\"}]}<\/script>\n<!-- \/ Yoast SEO plugin. -->","yoast_head_json":{"title":"R\u00e9clamer son d\u00fb, pour son bien-\u00eatre financier comme psychologique - INTERNATIONAL RECOVER COMPANY","description":"D\u00e9couvrez les raisons financi\u00e8res et psychologiques pour lesquelles il est important de r\u00e9clamer le paiement de ses impay\u00e9s.","robots":{"index":"index","follow":"follow","max-snippet":"max-snippet:-1","max-image-preview":"max-image-preview:large","max-video-preview":"max-video-preview:-1"},"canonical":"https:\/\/www.recover.eu\/hu\/tanacs\/koveteli-kotelezettseget-penzugyi-mint-pszichologiai-joleteert-2\/","og_locale":"hu_HU","og_type":"article","og_title":"R\u00e9clamer son d\u00fb, pour son bien-\u00eatre financier comme psychologique - INTERNATIONAL RECOVER COMPANY","og_description":"D\u00e9couvrez les raisons financi\u00e8res et psychologiques pour lesquelles il est important de r\u00e9clamer le paiement de ses impay\u00e9s.","og_url":"https:\/\/www.recover.eu\/hu\/tanacs\/koveteli-kotelezettseget-penzugyi-mint-pszichologiai-joleteert-2\/","og_site_name":"INTERNATIONAL RECOVER COMPANY","article_publisher":"https:\/\/www.facebook.com\/RECOVER.EU","article_published_time":"2021-08-24T12:28:30+00:00","article_modified_time":"2025-03-27T13:19:17+00:00","og_image":[{"width":400,"height":267,"url":"https:\/\/www.recover.eu\/wp-content\/uploads\/2023\/05\/162.jpeg","type":"image\/jpeg"}],"author":"superadmin","twitter_card":"summary_large_image","twitter_creator":"@RECOVER_EU","twitter_site":"@RECOVER_EU","twitter_misc":{"Szerz\u0151:":"superadmin","Becs\u00fclt olvas\u00e1si id\u0151":"4 perc"},"schema":{"@context":"https:\/\/schema.org","@graph":[{"@type":"Article","@id":"https:\/\/www.recover.eu\/conseils\/reclamer-son-du-pour-son-bien-etre-financier-comme-psychologique\/#article","isPartOf":{"@id":"https:\/\/www.recover.eu\/conseils\/reclamer-son-du-pour-son-bien-etre-financier-comme-psychologique\/"},"author":{"name":"superadmin","@id":"https:\/\/www.recover.eu\/#\/schema\/person\/006ae0699e3d723b210f7ca0b022e318"},"headline":"R\u00e9clamer son d\u00fb, pour son bien-\u00eatre financier comme psychologique","datePublished":"2021-08-24T12:28:30+00:00","dateModified":"2025-03-27T13:19:17+00:00","mainEntityOfPage":{"@id":"https:\/\/www.recover.eu\/conseils\/reclamer-son-du-pour-son-bien-etre-financier-comme-psychologique\/"},"wordCount":718,"commentCount":0,"publisher":{"@id":"https:\/\/www.recover.eu\/#organization"},"image":{"@id":"https:\/\/www.recover.eu\/conseils\/reclamer-son-du-pour-son-bien-etre-financier-comme-psychologique\/#primaryimage"},"thumbnailUrl":"https:\/\/www.recover.eu\/wp-content\/uploads\/2023\/05\/162.jpeg","articleSection":["Client, on me doit de l'argent"],"inLanguage":"hu"},{"@type":"WebPage","@id":"https:\/\/www.recover.eu\/conseils\/reclamer-son-du-pour-son-bien-etre-financier-comme-psychologique\/","url":"https:\/\/www.recover.eu\/conseils\/reclamer-son-du-pour-son-bien-etre-financier-comme-psychologique\/","name":"R\u00e9clamer son d\u00fb, pour son bien-\u00eatre financier comme psychologique - INTERNATIONAL RECOVER COMPANY","isPartOf":{"@id":"https:\/\/www.recover.eu\/#website"},"primaryImageOfPage":{"@id":"https:\/\/www.recover.eu\/conseils\/reclamer-son-du-pour-son-bien-etre-financier-comme-psychologique\/#primaryimage"},"image":{"@id":"https:\/\/www.recover.eu\/conseils\/reclamer-son-du-pour-son-bien-etre-financier-comme-psychologique\/#primaryimage"},"thumbnailUrl":"https:\/\/www.recover.eu\/wp-content\/uploads\/2023\/05\/162.jpeg","datePublished":"2021-08-24T12:28:30+00:00","dateModified":"2025-03-27T13:19:17+00:00","description":"D\u00e9couvrez les raisons financi\u00e8res et psychologiques pour lesquelles il est important de r\u00e9clamer le paiement de ses impay\u00e9s.","breadcrumb":{"@id":"https:\/\/www.recover.eu\/conseils\/reclamer-son-du-pour-son-bien-etre-financier-comme-psychologique\/#breadcrumb"},"inLanguage":"hu","potentialAction":[{"@type":"ReadAction","target":["https:\/\/www.recover.eu\/conseils\/reclamer-son-du-pour-son-bien-etre-financier-comme-psychologique\/"]}]},{"@type":"ImageObject","inLanguage":"hu","@id":"https:\/\/www.recover.eu\/conseils\/reclamer-son-du-pour-son-bien-etre-financier-comme-psychologique\/#primaryimage","url":"https:\/\/www.recover.eu\/wp-content\/uploads\/2023\/05\/162.jpeg","contentUrl":"https:\/\/www.recover.eu\/wp-content\/uploads\/2023\/05\/162.jpeg","width":400,"height":267},{"@type":"BreadcrumbList","@id":"https:\/\/www.recover.eu\/conseils\/reclamer-son-du-pour-son-bien-etre-financier-comme-psychologique\/#breadcrumb","itemListElement":[{"@type":"ListItem","position":1,"name":"Accueil","item":"https:\/\/www.recover.eu\/"},{"@type":"ListItem","position":2,"name":"R\u00e9clamer son d\u00fb, pour son bien-\u00eatre financier comme psychologique"}]},{"@type":"WebSite","@id":"https:\/\/www.recover.eu\/#website","url":"https:\/\/www.recover.eu\/","name":"INTERNATIONAL RECOVER COMPANY","description":"Votre partenaire de confiance pour la gestion et la r\u00e9solution de vos probl\u00e8mes de cr\u00e9ances.","publisher":{"@id":"https:\/\/www.recover.eu\/#organization"},"potentialAction":[{"@type":"SearchAction","target":{"@type":"EntryPoint","urlTemplate":"https:\/\/www.recover.eu\/?s={search_term_string}"},"query-input":{"@type":"PropertyValueSpecification","valueRequired":true,"valueName":"search_term_string"}}],"inLanguage":"hu"},{"@type":"Organization","@id":"https:\/\/www.recover.eu\/#organization","name":"INTERNATIONAL RECOVER COMPANY\u00ae","url":"https:\/\/www.recover.eu\/","logo":{"@type":"ImageObject","inLanguage":"hu","@id":"https:\/\/www.recover.eu\/#\/schema\/logo\/image\/","url":"http:\/\/www.recover.eu\/wp-content\/uploads\/2023\/05\/logo-recover.png","contentUrl":"http:\/\/www.recover.eu\/wp-content\/uploads\/2023\/05\/logo-recover.png","width":202,"height":115,"caption":"INTERNATIONAL RECOVER COMPANY\u00ae"},"image":{"@id":"https:\/\/www.recover.eu\/#\/schema\/logo\/image\/"},"sameAs":["https:\/\/www.facebook.com\/RECOVER.EU","https:\/\/x.com\/RECOVER_EU","https:\/\/www.linkedin.com\/company\/irc-group-sa\/","https:\/\/www.instagram.com\/recover.eu\/","https:\/\/www.youtube.com\/@internationalrecovercompan1612"]},{"@type":"Person","@id":"https:\/\/www.recover.eu\/#\/schema\/person\/006ae0699e3d723b210f7ca0b022e318","name":"superadmin","image":{"@type":"ImageObject","inLanguage":"hu","@id":"https:\/\/www.recover.eu\/#\/schema\/person\/image\/","url":"https:\/\/secure.gravatar.com\/avatar\/b6d7588469c8271214df96d279b8257b63b549db031335a84d784d35ab5063de?s=96&d=mm&r=g","contentUrl":"https:\/\/secure.gravatar.com\/avatar\/b6d7588469c8271214df96d279b8257b63b549db031335a84d784d35ab5063de?s=96&d=mm&r=g","caption":"superadmin"},"sameAs":["http:\/\/www.recover.eu"],"url":"https:\/\/www.recover.eu\/hu\/conseils\/author\/superadmin\/"}]}},"_links":{"self":[{"href":"https:\/\/www.recover.eu\/hu\/wp-json\/wp\/v2\/posts\/823","targetHints":{"allow":["GET"]}}],"collection":[{"href":"https:\/\/www.recover.eu\/hu\/wp-json\/wp\/v2\/posts"}],"about":[{"href":"https:\/\/www.recover.eu\/hu\/wp-json\/wp\/v2\/types\/post"}],"author":[{"embeddable":true,"href":"https:\/\/www.recover.eu\/hu\/wp-json\/wp\/v2\/users\/1"}],"replies":[{"embeddable":true,"href":"https:\/\/www.recover.eu\/hu\/wp-json\/wp\/v2\/comments?post=823"}],"version-history":[{"count":1,"href":"https:\/\/www.recover.eu\/hu\/wp-json\/wp\/v2\/posts\/823\/revisions"}],"predecessor-version":[{"id":2728,"href":"https:\/\/www.recover.eu\/hu\/wp-json\/wp\/v2\/posts\/823\/revisions\/2728"}],"wp:featuredmedia":[{"embeddable":true,"href":"https:\/\/www.recover.eu\/hu\/wp-json\/wp\/v2\/media\/825"}],"wp:attachment":[{"href":"https:\/\/www.recover.eu\/hu\/wp-json\/wp\/v2\/media?parent=823"}],"wp:term":[{"taxonomy":"category","embeddable":true,"href":"https:\/\/www.recover.eu\/hu\/wp-json\/wp\/v2\/categories?post=823"},{"taxonomy":"post_tag","embeddable":true,"href":"https:\/\/www.recover.eu\/hu\/wp-json\/wp\/v2\/tags?post=823"}],"curies":[{"name":"wp","href":"https:\/\/api.w.org\/{rel}","templated":true}]}}