{"id":836,"date":"2022-04-07T14:32:04","date_gmt":"2022-04-07T12:32:04","guid":{"rendered":"http:\/\/recover.jellyfishcreativestudio.be\/?p=836"},"modified":"2025-03-26T16:24:55","modified_gmt":"2025-03-26T15:24:55","slug":"aprilis-7-egeszseg-vilagnapja","status":"publish","type":"post","link":"https:\/\/www.recover.eu\/hu\/tanacs\/aprilis-7-egeszseg-vilagnapja\/","title":{"rendered":"\u00c1prilis 7.: Eg\u00e9szs\u00e9g\u00fcgyi Vil\u00e1gnap"},"content":{"rendered":"<p>A sr\u00e1c gy\u00f3gytorn\u00e1sz. 2020 janu\u00e1rj\u00e1ban f\u00fcggetlenk\u00e9nt indult. V\u00e1llalkoz\u00e1s\u00e1nak elind\u00edt\u00e1sa el\u00e9g sok k\u00f6lts\u00e9ggel j\u00e1r a megfelel\u0151 helyis\u00e9gek megtal\u00e1l\u00e1s\u00e1hoz vagy ak\u00e1r orvosi felszerel\u00e9s beszerz\u00e9s\u00e9hez. Mindazon\u00e1ltal nagyon pozit\u00edvan \u00e9s lelkesen fogadja az \u00f6tletet, hogy v\u00e9gezze a munk\u00e1j\u00e1t, amely ir\u00e1nt szenved\u00e9lyes.<\/p>\n\n\n\n<p>2020 m\u00e1rcius\u00e1ban egy m\u00e9g ismeretlen l\u00e9g\u00fati betegs\u00e9g mindent megk\u00e9rd\u0151jelezett: a Covid. A sr\u00e1cnak t\u00f6bbet kell utaznia. M\u00e1r nem tudja ugyanolyan felt\u00e9telekkel fogadni p\u00e1cienseit a rendel\u0151ben. Be kell fektetnie fert\u0151tlen\u00edt\u0151 berendez\u00e9sekbe, orvosi ruh\u00e1kba, maszkokba stb. nem besz\u00e9lve a kell\u00e9kek beszerz\u00e9s\u00e9nek neh\u00e9zs\u00e9geir\u0151l. Teszi a dolg\u00e1t, de f\u00e9lelemmel a gyomr\u00e1ban. Ez a betegs\u00e9g vil\u00e1gj\u00e1rv\u00e1nyba fordul. A korm\u00e1nyok kezdetben a kapcsolattart\u00f3 szakm\u00e1kat c\u00e9lozz\u00e1k meg, szektorokat z\u00e1rva szektorok ut\u00e1n. A sr\u00e1c tehetetlen, k\u00e9z-l\u00e1b k\u00f6t\u00f6zve van.<\/p>\n\n\n\n<p>K\u00e9t \u00e9v bez\u00e1r\u00e1s\/\u00fajranyit\u00e1s ut\u00e1n v\u00e9gre t\u00f6bb\u00e9-kev\u00e9sb\u00e9 norm\u00e1lisan folytatja tev\u00e9kenys\u00e9g\u00e9t. Sajnos, b\u00e1r p\u00e1cienseinek sz\u00fcks\u00e9ge van az ell\u00e1t\u00e1s\u00e1ra, amelyet t\u00f6bbnyire befektet\u00e9si alapok t\u00e9r\u00edtenek meg, Guynak meg kell k\u00fczdenie a k\u00fcl\u00f6nb\u00f6z\u0151 okok miatti id\u0151pont-t\u00f6rl\u00e9sekkel, valamint t\u00f6bbsz\u00f6r\u00f6s kifizetetlen szolg\u00e1ltat\u00e1sokkal.<\/p>\n\n\n\n<p>Szerencs\u00e9re egy koll\u00e9g\u00e1ja azt tan\u00e1csolta neki, hogy haszn\u00e1lja a MindYourBills alkalmaz\u00e1st a sz\u00e1ml\u00e1inak nyomon k\u00f6vet\u00e9s\u00e9re. Az alkalmaz\u00e1s ingyenes, \u00e9s egy nem fizetett szolg\u00e1ltat\u00e1s eset\u00e9n felaj\u00e1nlja, hogy k\u00f6nnyen elk\u00fcldi \u00e1tv\u00e9telre. Egy meggy\u0151z\u0151 teszt ut\u00e1n meggy\u0151z\u0151d\u00f6tt. <strong>Szolg\u00e1ltat\u00e1sai fizet\u00e9s\u00e9nek rendszeres \u00e9s leegyszer\u0171s\u00edtett figyelemmel k\u00eds\u00e9r\u00e9s\u00e9vel v\u00e9gre a hivat\u00e1s\u00e1nak, szenved\u00e9ly\u00e9nek \u00e9s betegei\u00e9rt val\u00f3 j\u00f3nak tudhatja mag\u00e1t.<\/strong><\/p>\n\n\n\n<p><\/p>","protected":false},"excerpt":{"rendered":"<p>A sr\u00e1c gy\u00f3gytorn\u00e1sz. 2020 janu\u00e1rj\u00e1ban f\u00fcggetlenk\u00e9nt indult. V\u00e1llalkoz\u00e1s\u00e1nak elind\u00edt\u00e1sa el\u00e9g sok k\u00f6lts\u00e9ggel j\u00e1r a megfelel\u0151 helyis\u00e9gek megtal\u00e1l\u00e1s\u00e1hoz vagy ak\u00e1r orvosi felszerel\u00e9s beszerz\u00e9s\u00e9hez. Mindazon\u00e1ltal nagyon pozit\u00edvan \u00e9s lelkesen fogadja az \u00f6tletet, hogy v\u00e9gezze a munk\u00e1j\u00e1t, amely ir\u00e1nt szenved\u00e9lyes.<\/p>","protected":false},"author":1,"featured_media":838,"comment_status":"open","ping_status":"open","sticky":false,"template":"","format":"standard","meta":{"footnotes":""},"categories":[6],"tags":[],"class_list":["post-836","post","type-post","status-publish","format-standard","has-post-thumbnail","hentry","category-clients"],"yoast_head":"<!-- This site is optimized with the Yoast SEO plugin v25.3.1 - https:\/\/yoast.com\/wordpress\/plugins\/seo\/ -->\n<title>7 avril: journ\u00e9e mondiale de la sant\u00e9 - INTERNATIONAL RECOVER COMPANY<\/title>\n<meta name=\"description\" content=\"Impacts du Covid, impay\u00e9s\u2026 Un kin\u00e9 t\u00e9moigne et partage la solution qui lui a permis de se concentrer \u00e0 nouveau sur ses patients.\" \/>\n<meta name=\"robots\" content=\"index, follow, max-snippet:-1, max-image-preview:large, max-video-preview:-1\" \/>\n<link rel=\"canonical\" href=\"https:\/\/www.recover.eu\/hu\/tanacs\/aprilis-7-egeszseg-vilagnapja\/\" \/>\n<meta property=\"og:locale\" content=\"hu_HU\" \/>\n<meta property=\"og:type\" content=\"article\" \/>\n<meta property=\"og:title\" content=\"7 avril: journ\u00e9e mondiale de la sant\u00e9 - INTERNATIONAL RECOVER COMPANY\" \/>\n<meta property=\"og:description\" content=\"Impacts du Covid, impay\u00e9s\u2026 Un kin\u00e9 t\u00e9moigne et partage la solution qui lui a permis de se concentrer \u00e0 nouveau sur ses patients.\" \/>\n<meta property=\"og:url\" content=\"https:\/\/www.recover.eu\/hu\/tanacs\/aprilis-7-egeszseg-vilagnapja\/\" \/>\n<meta property=\"og:site_name\" content=\"INTERNATIONAL RECOVER COMPANY\" \/>\n<meta property=\"article:publisher\" content=\"https:\/\/www.facebook.com\/RECOVER.EU\" \/>\n<meta property=\"article:published_time\" content=\"2022-04-07T12:32:04+00:00\" \/>\n<meta property=\"article:modified_time\" content=\"2025-03-26T15:24:55+00:00\" \/>\n<meta property=\"og:image\" content=\"https:\/\/www.recover.eu\/wp-content\/uploads\/2023\/05\/166.jpg\" \/>\n\t<meta property=\"og:image:width\" content=\"400\" \/>\n\t<meta property=\"og:image:height\" content=\"300\" \/>\n\t<meta property=\"og:image:type\" content=\"image\/jpeg\" \/>\n<meta name=\"author\" content=\"superadmin\" \/>\n<meta name=\"twitter:card\" content=\"summary_large_image\" \/>\n<meta name=\"twitter:creator\" content=\"@RECOVER_EU\" \/>\n<meta name=\"twitter:site\" content=\"@RECOVER_EU\" \/>\n<meta name=\"twitter:label1\" content=\"Szerz\u0151:\" \/>\n\t<meta name=\"twitter:data1\" content=\"superadmin\" \/>\n\t<meta name=\"twitter:label2\" content=\"Becs\u00fclt olvas\u00e1si id\u0151\" \/>\n\t<meta name=\"twitter:data2\" content=\"2 perc\" \/>\n<script type=\"application\/ld+json\" class=\"yoast-schema-graph\">{\"@context\":\"https:\/\/schema.org\",\"@graph\":[{\"@type\":\"Article\",\"@id\":\"https:\/\/www.recover.eu\/conseils\/7-avril-journee-mondiale-de-la-sante\/#article\",\"isPartOf\":{\"@id\":\"https:\/\/www.recover.eu\/conseils\/7-avril-journee-mondiale-de-la-sante\/\"},\"author\":{\"name\":\"superadmin\",\"@id\":\"https:\/\/www.recover.eu\/#\/schema\/person\/006ae0699e3d723b210f7ca0b022e318\"},\"headline\":\"7 avril: journ\u00e9e mondiale de la sant\u00e9\",\"datePublished\":\"2022-04-07T12:32:04+00:00\",\"dateModified\":\"2025-03-26T15:24:55+00:00\",\"mainEntityOfPage\":{\"@id\":\"https:\/\/www.recover.eu\/conseils\/7-avril-journee-mondiale-de-la-sante\/\"},\"wordCount\":288,\"commentCount\":0,\"publisher\":{\"@id\":\"https:\/\/www.recover.eu\/#organization\"},\"image\":{\"@id\":\"https:\/\/www.recover.eu\/conseils\/7-avril-journee-mondiale-de-la-sante\/#primaryimage\"},\"thumbnailUrl\":\"https:\/\/www.recover.eu\/wp-content\/uploads\/2023\/05\/166.jpg\",\"articleSection\":[\"Client, on me doit de l'argent\"],\"inLanguage\":\"hu\"},{\"@type\":\"WebPage\",\"@id\":\"https:\/\/www.recover.eu\/conseils\/7-avril-journee-mondiale-de-la-sante\/\",\"url\":\"https:\/\/www.recover.eu\/conseils\/7-avril-journee-mondiale-de-la-sante\/\",\"name\":\"7 avril: journ\u00e9e mondiale de la sant\u00e9 - INTERNATIONAL RECOVER COMPANY\",\"isPartOf\":{\"@id\":\"https:\/\/www.recover.eu\/#website\"},\"primaryImageOfPage\":{\"@id\":\"https:\/\/www.recover.eu\/conseils\/7-avril-journee-mondiale-de-la-sante\/#primaryimage\"},\"image\":{\"@id\":\"https:\/\/www.recover.eu\/conseils\/7-avril-journee-mondiale-de-la-sante\/#primaryimage\"},\"thumbnailUrl\":\"https:\/\/www.recover.eu\/wp-content\/uploads\/2023\/05\/166.jpg\",\"datePublished\":\"2022-04-07T12:32:04+00:00\",\"dateModified\":\"2025-03-26T15:24:55+00:00\",\"description\":\"Impacts du Covid, impay\u00e9s\u2026 Un kin\u00e9 t\u00e9moigne et partage la solution qui lui a permis de se concentrer \u00e0 nouveau sur ses patients.\",\"breadcrumb\":{\"@id\":\"https:\/\/www.recover.eu\/conseils\/7-avril-journee-mondiale-de-la-sante\/#breadcrumb\"},\"inLanguage\":\"hu\",\"potentialAction\":[{\"@type\":\"ReadAction\",\"target\":[\"https:\/\/www.recover.eu\/conseils\/7-avril-journee-mondiale-de-la-sante\/\"]}]},{\"@type\":\"ImageObject\",\"inLanguage\":\"hu\",\"@id\":\"https:\/\/www.recover.eu\/conseils\/7-avril-journee-mondiale-de-la-sante\/#primaryimage\",\"url\":\"https:\/\/www.recover.eu\/wp-content\/uploads\/2023\/05\/166.jpg\",\"contentUrl\":\"https:\/\/www.recover.eu\/wp-content\/uploads\/2023\/05\/166.jpg\",\"width\":400,\"height\":300},{\"@type\":\"BreadcrumbList\",\"@id\":\"https:\/\/www.recover.eu\/conseils\/7-avril-journee-mondiale-de-la-sante\/#breadcrumb\",\"itemListElement\":[{\"@type\":\"ListItem\",\"position\":1,\"name\":\"Accueil\",\"item\":\"https:\/\/www.recover.eu\/\"},{\"@type\":\"ListItem\",\"position\":2,\"name\":\"7 avril: journ\u00e9e mondiale de la sant\u00e9\"}]},{\"@type\":\"WebSite\",\"@id\":\"https:\/\/www.recover.eu\/#website\",\"url\":\"https:\/\/www.recover.eu\/\",\"name\":\"INTERNATIONAL RECOVER COMPANY\",\"description\":\"Votre partenaire de confiance pour la gestion et la r\u00e9solution de vos probl\u00e8mes de cr\u00e9ances.\",\"publisher\":{\"@id\":\"https:\/\/www.recover.eu\/#organization\"},\"potentialAction\":[{\"@type\":\"SearchAction\",\"target\":{\"@type\":\"EntryPoint\",\"urlTemplate\":\"https:\/\/www.recover.eu\/?s={search_term_string}\"},\"query-input\":{\"@type\":\"PropertyValueSpecification\",\"valueRequired\":true,\"valueName\":\"search_term_string\"}}],\"inLanguage\":\"hu\"},{\"@type\":\"Organization\",\"@id\":\"https:\/\/www.recover.eu\/#organization\",\"name\":\"INTERNATIONAL RECOVER COMPANY\u00ae\",\"url\":\"https:\/\/www.recover.eu\/\",\"logo\":{\"@type\":\"ImageObject\",\"inLanguage\":\"hu\",\"@id\":\"https:\/\/www.recover.eu\/#\/schema\/logo\/image\/\",\"url\":\"http:\/\/www.recover.eu\/wp-content\/uploads\/2023\/05\/logo-recover.png\",\"contentUrl\":\"http:\/\/www.recover.eu\/wp-content\/uploads\/2023\/05\/logo-recover.png\",\"width\":202,\"height\":115,\"caption\":\"INTERNATIONAL RECOVER COMPANY\u00ae\"},\"image\":{\"@id\":\"https:\/\/www.recover.eu\/#\/schema\/logo\/image\/\"},\"sameAs\":[\"https:\/\/www.facebook.com\/RECOVER.EU\",\"https:\/\/x.com\/RECOVER_EU\",\"https:\/\/www.linkedin.com\/company\/irc-group-sa\/\",\"https:\/\/www.instagram.com\/recover.eu\/\",\"https:\/\/www.youtube.com\/@internationalrecovercompan1612\"]},{\"@type\":\"Person\",\"@id\":\"https:\/\/www.recover.eu\/#\/schema\/person\/006ae0699e3d723b210f7ca0b022e318\",\"name\":\"superadmin\",\"image\":{\"@type\":\"ImageObject\",\"inLanguage\":\"hu\",\"@id\":\"https:\/\/www.recover.eu\/#\/schema\/person\/image\/\",\"url\":\"https:\/\/secure.gravatar.com\/avatar\/b6d7588469c8271214df96d279b8257b63b549db031335a84d784d35ab5063de?s=96&d=mm&r=g\",\"contentUrl\":\"https:\/\/secure.gravatar.com\/avatar\/b6d7588469c8271214df96d279b8257b63b549db031335a84d784d35ab5063de?s=96&d=mm&r=g\",\"caption\":\"superadmin\"},\"sameAs\":[\"http:\/\/www.recover.eu\"],\"url\":\"https:\/\/www.recover.eu\/hu\/conseils\/author\/superadmin\/\"}]}<\/script>\n<!-- \/ Yoast SEO plugin. -->","yoast_head_json":{"title":"7 avril: journ\u00e9e mondiale de la sant\u00e9 - INTERNATIONAL RECOVER COMPANY","description":"Impacts du Covid, impay\u00e9s\u2026 Un kin\u00e9 t\u00e9moigne et partage la solution qui lui a permis de se concentrer \u00e0 nouveau sur ses patients.","robots":{"index":"index","follow":"follow","max-snippet":"max-snippet:-1","max-image-preview":"max-image-preview:large","max-video-preview":"max-video-preview:-1"},"canonical":"https:\/\/www.recover.eu\/hu\/tanacs\/aprilis-7-egeszseg-vilagnapja\/","og_locale":"hu_HU","og_type":"article","og_title":"7 avril: journ\u00e9e mondiale de la sant\u00e9 - INTERNATIONAL RECOVER COMPANY","og_description":"Impacts du Covid, impay\u00e9s\u2026 Un kin\u00e9 t\u00e9moigne et partage la solution qui lui a permis de se concentrer \u00e0 nouveau sur ses patients.","og_url":"https:\/\/www.recover.eu\/hu\/tanacs\/aprilis-7-egeszseg-vilagnapja\/","og_site_name":"INTERNATIONAL RECOVER COMPANY","article_publisher":"https:\/\/www.facebook.com\/RECOVER.EU","article_published_time":"2022-04-07T12:32:04+00:00","article_modified_time":"2025-03-26T15:24:55+00:00","og_image":[{"width":400,"height":300,"url":"https:\/\/www.recover.eu\/wp-content\/uploads\/2023\/05\/166.jpg","type":"image\/jpeg"}],"author":"superadmin","twitter_card":"summary_large_image","twitter_creator":"@RECOVER_EU","twitter_site":"@RECOVER_EU","twitter_misc":{"Szerz\u0151:":"superadmin","Becs\u00fclt olvas\u00e1si id\u0151":"2 perc"},"schema":{"@context":"https:\/\/schema.org","@graph":[{"@type":"Article","@id":"https:\/\/www.recover.eu\/conseils\/7-avril-journee-mondiale-de-la-sante\/#article","isPartOf":{"@id":"https:\/\/www.recover.eu\/conseils\/7-avril-journee-mondiale-de-la-sante\/"},"author":{"name":"superadmin","@id":"https:\/\/www.recover.eu\/#\/schema\/person\/006ae0699e3d723b210f7ca0b022e318"},"headline":"7 avril: journ\u00e9e mondiale de la sant\u00e9","datePublished":"2022-04-07T12:32:04+00:00","dateModified":"2025-03-26T15:24:55+00:00","mainEntityOfPage":{"@id":"https:\/\/www.recover.eu\/conseils\/7-avril-journee-mondiale-de-la-sante\/"},"wordCount":288,"commentCount":0,"publisher":{"@id":"https:\/\/www.recover.eu\/#organization"},"image":{"@id":"https:\/\/www.recover.eu\/conseils\/7-avril-journee-mondiale-de-la-sante\/#primaryimage"},"thumbnailUrl":"https:\/\/www.recover.eu\/wp-content\/uploads\/2023\/05\/166.jpg","articleSection":["Client, on me doit de l'argent"],"inLanguage":"hu"},{"@type":"WebPage","@id":"https:\/\/www.recover.eu\/conseils\/7-avril-journee-mondiale-de-la-sante\/","url":"https:\/\/www.recover.eu\/conseils\/7-avril-journee-mondiale-de-la-sante\/","name":"7 avril: journ\u00e9e mondiale de la sant\u00e9 - INTERNATIONAL RECOVER COMPANY","isPartOf":{"@id":"https:\/\/www.recover.eu\/#website"},"primaryImageOfPage":{"@id":"https:\/\/www.recover.eu\/conseils\/7-avril-journee-mondiale-de-la-sante\/#primaryimage"},"image":{"@id":"https:\/\/www.recover.eu\/conseils\/7-avril-journee-mondiale-de-la-sante\/#primaryimage"},"thumbnailUrl":"https:\/\/www.recover.eu\/wp-content\/uploads\/2023\/05\/166.jpg","datePublished":"2022-04-07T12:32:04+00:00","dateModified":"2025-03-26T15:24:55+00:00","description":"Impacts du Covid, impay\u00e9s\u2026 Un kin\u00e9 t\u00e9moigne et partage la solution qui lui a permis de se concentrer \u00e0 nouveau sur ses patients.","breadcrumb":{"@id":"https:\/\/www.recover.eu\/conseils\/7-avril-journee-mondiale-de-la-sante\/#breadcrumb"},"inLanguage":"hu","potentialAction":[{"@type":"ReadAction","target":["https:\/\/www.recover.eu\/conseils\/7-avril-journee-mondiale-de-la-sante\/"]}]},{"@type":"ImageObject","inLanguage":"hu","@id":"https:\/\/www.recover.eu\/conseils\/7-avril-journee-mondiale-de-la-sante\/#primaryimage","url":"https:\/\/www.recover.eu\/wp-content\/uploads\/2023\/05\/166.jpg","contentUrl":"https:\/\/www.recover.eu\/wp-content\/uploads\/2023\/05\/166.jpg","width":400,"height":300},{"@type":"BreadcrumbList","@id":"https:\/\/www.recover.eu\/conseils\/7-avril-journee-mondiale-de-la-sante\/#breadcrumb","itemListElement":[{"@type":"ListItem","position":1,"name":"Accueil","item":"https:\/\/www.recover.eu\/"},{"@type":"ListItem","position":2,"name":"7 avril: journ\u00e9e mondiale de la sant\u00e9"}]},{"@type":"WebSite","@id":"https:\/\/www.recover.eu\/#website","url":"https:\/\/www.recover.eu\/","name":"INTERNATIONAL RECOVER COMPANY","description":"Votre partenaire de confiance pour la gestion et la r\u00e9solution de vos probl\u00e8mes de cr\u00e9ances.","publisher":{"@id":"https:\/\/www.recover.eu\/#organization"},"potentialAction":[{"@type":"SearchAction","target":{"@type":"EntryPoint","urlTemplate":"https:\/\/www.recover.eu\/?s={search_term_string}"},"query-input":{"@type":"PropertyValueSpecification","valueRequired":true,"valueName":"search_term_string"}}],"inLanguage":"hu"},{"@type":"Organization","@id":"https:\/\/www.recover.eu\/#organization","name":"INTERNATIONAL RECOVER COMPANY\u00ae","url":"https:\/\/www.recover.eu\/","logo":{"@type":"ImageObject","inLanguage":"hu","@id":"https:\/\/www.recover.eu\/#\/schema\/logo\/image\/","url":"http:\/\/www.recover.eu\/wp-content\/uploads\/2023\/05\/logo-recover.png","contentUrl":"http:\/\/www.recover.eu\/wp-content\/uploads\/2023\/05\/logo-recover.png","width":202,"height":115,"caption":"INTERNATIONAL RECOVER COMPANY\u00ae"},"image":{"@id":"https:\/\/www.recover.eu\/#\/schema\/logo\/image\/"},"sameAs":["https:\/\/www.facebook.com\/RECOVER.EU","https:\/\/x.com\/RECOVER_EU","https:\/\/www.linkedin.com\/company\/irc-group-sa\/","https:\/\/www.instagram.com\/recover.eu\/","https:\/\/www.youtube.com\/@internationalrecovercompan1612"]},{"@type":"Person","@id":"https:\/\/www.recover.eu\/#\/schema\/person\/006ae0699e3d723b210f7ca0b022e318","name":"superadmin","image":{"@type":"ImageObject","inLanguage":"hu","@id":"https:\/\/www.recover.eu\/#\/schema\/person\/image\/","url":"https:\/\/secure.gravatar.com\/avatar\/b6d7588469c8271214df96d279b8257b63b549db031335a84d784d35ab5063de?s=96&d=mm&r=g","contentUrl":"https:\/\/secure.gravatar.com\/avatar\/b6d7588469c8271214df96d279b8257b63b549db031335a84d784d35ab5063de?s=96&d=mm&r=g","caption":"superadmin"},"sameAs":["http:\/\/www.recover.eu"],"url":"https:\/\/www.recover.eu\/hu\/conseils\/author\/superadmin\/"}]}},"_links":{"self":[{"href":"https:\/\/www.recover.eu\/hu\/wp-json\/wp\/v2\/posts\/836","targetHints":{"allow":["GET"]}}],"collection":[{"href":"https:\/\/www.recover.eu\/hu\/wp-json\/wp\/v2\/posts"}],"about":[{"href":"https:\/\/www.recover.eu\/hu\/wp-json\/wp\/v2\/types\/post"}],"author":[{"embeddable":true,"href":"https:\/\/www.recover.eu\/hu\/wp-json\/wp\/v2\/users\/1"}],"replies":[{"embeddable":true,"href":"https:\/\/www.recover.eu\/hu\/wp-json\/wp\/v2\/comments?post=836"}],"version-history":[{"count":1,"href":"https:\/\/www.recover.eu\/hu\/wp-json\/wp\/v2\/posts\/836\/revisions"}],"predecessor-version":[{"id":2725,"href":"https:\/\/www.recover.eu\/hu\/wp-json\/wp\/v2\/posts\/836\/revisions\/2725"}],"wp:featuredmedia":[{"embeddable":true,"href":"https:\/\/www.recover.eu\/hu\/wp-json\/wp\/v2\/media\/838"}],"wp:attachment":[{"href":"https:\/\/www.recover.eu\/hu\/wp-json\/wp\/v2\/media?parent=836"}],"wp:term":[{"taxonomy":"category","embeddable":true,"href":"https:\/\/www.recover.eu\/hu\/wp-json\/wp\/v2\/categories?post=836"},{"taxonomy":"post_tag","embeddable":true,"href":"https:\/\/www.recover.eu\/hu\/wp-json\/wp\/v2\/tags?post=836"}],"curies":[{"name":"wp","href":"https:\/\/api.w.org\/{rel}","templated":true}]}}