{"id":841,"date":"2022-04-09T14:33:41","date_gmt":"2022-04-09T12:33:41","guid":{"rendered":"http:\/\/recover.jellyfishcreativestudio.be\/?p=841"},"modified":"2025-03-26T15:49:13","modified_gmt":"2025-03-26T14:49:13","slug":"aprilis-8-orszagos-mentos-nap","status":"publish","type":"post","link":"https:\/\/www.recover.eu\/hu\/tanacs\/aprilis-8-orszagos-mentos-nap\/","title":{"rendered":"\u00c1prilis 8.: Orsz\u00e1gos Ment\u0151s Nap"},"content":{"rendered":"<p>Sz\u00e1nd\u00e9kosan az eg\u00e9szs\u00e9g vil\u00e1gnapj\u00e1t k\u00f6vet\u0151 napra, a Nemzeti Ment\u0151nap alkalom arra, hogy kiemelj\u00fck ezeket az eg\u00e9szs\u00e9g\u00fcgyi szakembereket, akik gyakran els\u0151k\u00e9nt reag\u00e1lnak \u00d6nre v\u00e9szhelyzetben, b\u00e1rmilyen v\u00e9szhelyzetben. nappal vagy \u00e9jszaka, m\u00e9g vas\u00e1rnap \u00e9s \u00fcnnepnapokon is .<\/p>\n\n\n\n<p>Neh\u00e9z \u00f3r\u00e1kkal j\u00e1r\u00f3 szakma, a ment\u0151sof\u0151r szakma mindenekel\u0151tt emberi szakma. Nagyon gyakran szorong\u00e1ssal, s\u0151t er\u0151szakkal szembes\u00fclve a ment\u0151s\u00f6k minden egyes h\u00edv\u00e1sn\u00e1l bizonytalan, stresszes, de l\u00e9nyeges helyzetekben \u00fatnak indulnak.<\/p>\n\n\n\n<p>A ment\u0151aut\u00f3-sof\u0151r szakma manaps\u00e1g er\u0151s h\u00e1tat k\u00f6vetel meg lelkileg \u00e9s anyagilag egyar\u00e1nt. Mint minden v\u00e1llalkoz\u00f3n\u00e1l, a k\u00f6lts\u00e9gek n\u0151nek. A COVID-betegek sz\u00e1ll\u00edt\u00e1s\u00e1hoz sz\u00fcks\u00e9ges kieg\u00e9sz\u00edt\u0151 felszerel\u00e9sek \u00e9s most az \u00fczemanyagk\u00f6lts\u00e9gek n\u00f6veked\u00e9se m\u00e9g magasabbra teszi ezeket a k\u00f6lts\u00e9geket. Ehhez j\u00e1rul az is, hogy sokszor az \u0151 sz\u00e1ml\u00e1jukat kell kifizetni utolj\u00e1ra, m\u00e9g sz\u00e1mos eml\u00e9keztet\u0151 ut\u00e1n is.<\/p>\n\n\n\n<p>Az INTERNATIONAL RECOVER COMPANY\u00ae csapatai b\u00fcszk\u00e9k arra, hogy mellett\u00fck \u00e1llnak, hogy felments\u00e9k \u0151ket adminisztr\u00e1ci\u00f3s feladataik al\u00f3l, \u00e9s seg\u00edtsenek behajtani a befizet\u00e9seiket.<\/p>","protected":false},"excerpt":{"rendered":"<p>E nap alkalm\u00e1b\u00f3l le a kalappal le a kalappal e szakma el\u0151tt, ezek el\u0151tt a f\u00e9rfiak \u00e9s n\u0151k el\u0151tt, akik gyakran v\u00e9szhelyzetben, neh\u00e9z \u00f3r\u00e1kkal dolgoznak, az \u00e9v 365 napj\u00e1n, a nap 24 \u00f3r\u00e1j\u00e1ban.<\/p>","protected":false},"author":1,"featured_media":844,"comment_status":"open","ping_status":"open","sticky":false,"template":"","format":"standard","meta":{"footnotes":""},"categories":[6],"tags":[],"class_list":["post-841","post","type-post","status-publish","format-standard","has-post-thumbnail","hentry","category-clients"],"yoast_head":"<!-- This site is optimized with the Yoast SEO plugin v25.3.1 - https:\/\/yoast.com\/wordpress\/plugins\/seo\/ -->\n<title>8 avril: journ\u00e9e nationale des ambulanciers - INTERNATIONAL RECOVER COMPANY<\/title>\n<meta name=\"description\" content=\"Le 8 avril, mettons \u00e0 l\u2019honneur les ambulanciers. D\u00e9couvrez leur r\u00f4le essentiel et les d\u00e9fis de ce m\u00e9tier souvent m\u00e9connu.\" \/>\n<meta name=\"robots\" content=\"index, follow, max-snippet:-1, max-image-preview:large, max-video-preview:-1\" \/>\n<link rel=\"canonical\" href=\"https:\/\/www.recover.eu\/hu\/tanacs\/aprilis-8-orszagos-mentos-nap\/\" \/>\n<meta property=\"og:locale\" content=\"hu_HU\" \/>\n<meta property=\"og:type\" content=\"article\" \/>\n<meta property=\"og:title\" content=\"8 avril: journ\u00e9e nationale des ambulanciers - INTERNATIONAL RECOVER COMPANY\" \/>\n<meta property=\"og:description\" content=\"Le 8 avril, mettons \u00e0 l\u2019honneur les ambulanciers. D\u00e9couvrez leur r\u00f4le essentiel et les d\u00e9fis de ce m\u00e9tier souvent m\u00e9connu.\" \/>\n<meta property=\"og:url\" content=\"https:\/\/www.recover.eu\/hu\/tanacs\/aprilis-8-orszagos-mentos-nap\/\" \/>\n<meta property=\"og:site_name\" content=\"INTERNATIONAL RECOVER COMPANY\" \/>\n<meta property=\"article:publisher\" content=\"https:\/\/www.facebook.com\/RECOVER.EU\" \/>\n<meta property=\"article:published_time\" content=\"2022-04-09T12:33:41+00:00\" \/>\n<meta property=\"article:modified_time\" content=\"2025-03-26T14:49:13+00:00\" \/>\n<meta property=\"og:image\" content=\"https:\/\/www.recover.eu\/wp-content\/uploads\/2023\/05\/143.png\" \/>\n\t<meta property=\"og:image:width\" content=\"400\" \/>\n\t<meta property=\"og:image:height\" content=\"283\" \/>\n\t<meta property=\"og:image:type\" content=\"image\/png\" \/>\n<meta name=\"author\" content=\"superadmin\" \/>\n<meta name=\"twitter:card\" content=\"summary_large_image\" \/>\n<meta name=\"twitter:creator\" content=\"@RECOVER_EU\" \/>\n<meta name=\"twitter:site\" content=\"@RECOVER_EU\" \/>\n<meta name=\"twitter:label1\" content=\"Szerz\u0151:\" \/>\n\t<meta name=\"twitter:data1\" content=\"superadmin\" \/>\n\t<meta name=\"twitter:label2\" content=\"Becs\u00fclt olvas\u00e1si id\u0151\" \/>\n\t<meta name=\"twitter:data2\" content=\"2 perc\" \/>\n<script type=\"application\/ld+json\" class=\"yoast-schema-graph\">{\"@context\":\"https:\/\/schema.org\",\"@graph\":[{\"@type\":\"Article\",\"@id\":\"https:\/\/www.recover.eu\/conseils\/8-avril-journee-nationale-des-ambulanciers\/#article\",\"isPartOf\":{\"@id\":\"https:\/\/www.recover.eu\/conseils\/8-avril-journee-nationale-des-ambulanciers\/\"},\"author\":{\"name\":\"superadmin\",\"@id\":\"https:\/\/www.recover.eu\/#\/schema\/person\/006ae0699e3d723b210f7ca0b022e318\"},\"headline\":\"8 avril: journ\u00e9e nationale des ambulanciers\",\"datePublished\":\"2022-04-09T12:33:41+00:00\",\"dateModified\":\"2025-03-26T14:49:13+00:00\",\"mainEntityOfPage\":{\"@id\":\"https:\/\/www.recover.eu\/conseils\/8-avril-journee-nationale-des-ambulanciers\/\"},\"wordCount\":210,\"commentCount\":0,\"publisher\":{\"@id\":\"https:\/\/www.recover.eu\/#organization\"},\"image\":{\"@id\":\"https:\/\/www.recover.eu\/conseils\/8-avril-journee-nationale-des-ambulanciers\/#primaryimage\"},\"thumbnailUrl\":\"https:\/\/www.recover.eu\/wp-content\/uploads\/2023\/05\/143.png\",\"articleSection\":[\"Client, on me doit de l'argent\"],\"inLanguage\":\"hu\"},{\"@type\":\"WebPage\",\"@id\":\"https:\/\/www.recover.eu\/conseils\/8-avril-journee-nationale-des-ambulanciers\/\",\"url\":\"https:\/\/www.recover.eu\/conseils\/8-avril-journee-nationale-des-ambulanciers\/\",\"name\":\"8 avril: journ\u00e9e nationale des ambulanciers - INTERNATIONAL RECOVER COMPANY\",\"isPartOf\":{\"@id\":\"https:\/\/www.recover.eu\/#website\"},\"primaryImageOfPage\":{\"@id\":\"https:\/\/www.recover.eu\/conseils\/8-avril-journee-nationale-des-ambulanciers\/#primaryimage\"},\"image\":{\"@id\":\"https:\/\/www.recover.eu\/conseils\/8-avril-journee-nationale-des-ambulanciers\/#primaryimage\"},\"thumbnailUrl\":\"https:\/\/www.recover.eu\/wp-content\/uploads\/2023\/05\/143.png\",\"datePublished\":\"2022-04-09T12:33:41+00:00\",\"dateModified\":\"2025-03-26T14:49:13+00:00\",\"description\":\"Le 8 avril, mettons \u00e0 l\u2019honneur les ambulanciers. D\u00e9couvrez leur r\u00f4le essentiel et les d\u00e9fis de ce m\u00e9tier souvent m\u00e9connu.\",\"breadcrumb\":{\"@id\":\"https:\/\/www.recover.eu\/conseils\/8-avril-journee-nationale-des-ambulanciers\/#breadcrumb\"},\"inLanguage\":\"hu\",\"potentialAction\":[{\"@type\":\"ReadAction\",\"target\":[\"https:\/\/www.recover.eu\/conseils\/8-avril-journee-nationale-des-ambulanciers\/\"]}]},{\"@type\":\"ImageObject\",\"inLanguage\":\"hu\",\"@id\":\"https:\/\/www.recover.eu\/conseils\/8-avril-journee-nationale-des-ambulanciers\/#primaryimage\",\"url\":\"https:\/\/www.recover.eu\/wp-content\/uploads\/2023\/05\/143.png\",\"contentUrl\":\"https:\/\/www.recover.eu\/wp-content\/uploads\/2023\/05\/143.png\",\"width\":400,\"height\":283},{\"@type\":\"BreadcrumbList\",\"@id\":\"https:\/\/www.recover.eu\/conseils\/8-avril-journee-nationale-des-ambulanciers\/#breadcrumb\",\"itemListElement\":[{\"@type\":\"ListItem\",\"position\":1,\"name\":\"Accueil\",\"item\":\"https:\/\/www.recover.eu\/\"},{\"@type\":\"ListItem\",\"position\":2,\"name\":\"8 avril: journ\u00e9e nationale des ambulanciers\"}]},{\"@type\":\"WebSite\",\"@id\":\"https:\/\/www.recover.eu\/#website\",\"url\":\"https:\/\/www.recover.eu\/\",\"name\":\"INTERNATIONAL RECOVER COMPANY\",\"description\":\"Votre partenaire de confiance pour la gestion et la r\u00e9solution de vos probl\u00e8mes de cr\u00e9ances.\",\"publisher\":{\"@id\":\"https:\/\/www.recover.eu\/#organization\"},\"potentialAction\":[{\"@type\":\"SearchAction\",\"target\":{\"@type\":\"EntryPoint\",\"urlTemplate\":\"https:\/\/www.recover.eu\/?s={search_term_string}\"},\"query-input\":{\"@type\":\"PropertyValueSpecification\",\"valueRequired\":true,\"valueName\":\"search_term_string\"}}],\"inLanguage\":\"hu\"},{\"@type\":\"Organization\",\"@id\":\"https:\/\/www.recover.eu\/#organization\",\"name\":\"INTERNATIONAL RECOVER COMPANY\u00ae\",\"url\":\"https:\/\/www.recover.eu\/\",\"logo\":{\"@type\":\"ImageObject\",\"inLanguage\":\"hu\",\"@id\":\"https:\/\/www.recover.eu\/#\/schema\/logo\/image\/\",\"url\":\"http:\/\/www.recover.eu\/wp-content\/uploads\/2023\/05\/logo-recover.png\",\"contentUrl\":\"http:\/\/www.recover.eu\/wp-content\/uploads\/2023\/05\/logo-recover.png\",\"width\":202,\"height\":115,\"caption\":\"INTERNATIONAL RECOVER COMPANY\u00ae\"},\"image\":{\"@id\":\"https:\/\/www.recover.eu\/#\/schema\/logo\/image\/\"},\"sameAs\":[\"https:\/\/www.facebook.com\/RECOVER.EU\",\"https:\/\/x.com\/RECOVER_EU\",\"https:\/\/www.linkedin.com\/company\/irc-group-sa\/\",\"https:\/\/www.instagram.com\/recover.eu\/\",\"https:\/\/www.youtube.com\/@internationalrecovercompan1612\"]},{\"@type\":\"Person\",\"@id\":\"https:\/\/www.recover.eu\/#\/schema\/person\/006ae0699e3d723b210f7ca0b022e318\",\"name\":\"superadmin\",\"image\":{\"@type\":\"ImageObject\",\"inLanguage\":\"hu\",\"@id\":\"https:\/\/www.recover.eu\/#\/schema\/person\/image\/\",\"url\":\"https:\/\/secure.gravatar.com\/avatar\/b6d7588469c8271214df96d279b8257b63b549db031335a84d784d35ab5063de?s=96&d=mm&r=g\",\"contentUrl\":\"https:\/\/secure.gravatar.com\/avatar\/b6d7588469c8271214df96d279b8257b63b549db031335a84d784d35ab5063de?s=96&d=mm&r=g\",\"caption\":\"superadmin\"},\"sameAs\":[\"http:\/\/www.recover.eu\"],\"url\":\"https:\/\/www.recover.eu\/hu\/conseils\/author\/superadmin\/\"}]}<\/script>\n<!-- \/ Yoast SEO plugin. -->","yoast_head_json":{"title":"8 avril: journ\u00e9e nationale des ambulanciers - INTERNATIONAL RECOVER COMPANY","description":"Le 8 avril, mettons \u00e0 l\u2019honneur les ambulanciers. D\u00e9couvrez leur r\u00f4le essentiel et les d\u00e9fis de ce m\u00e9tier souvent m\u00e9connu.","robots":{"index":"index","follow":"follow","max-snippet":"max-snippet:-1","max-image-preview":"max-image-preview:large","max-video-preview":"max-video-preview:-1"},"canonical":"https:\/\/www.recover.eu\/hu\/tanacs\/aprilis-8-orszagos-mentos-nap\/","og_locale":"hu_HU","og_type":"article","og_title":"8 avril: journ\u00e9e nationale des ambulanciers - INTERNATIONAL RECOVER COMPANY","og_description":"Le 8 avril, mettons \u00e0 l\u2019honneur les ambulanciers. D\u00e9couvrez leur r\u00f4le essentiel et les d\u00e9fis de ce m\u00e9tier souvent m\u00e9connu.","og_url":"https:\/\/www.recover.eu\/hu\/tanacs\/aprilis-8-orszagos-mentos-nap\/","og_site_name":"INTERNATIONAL RECOVER COMPANY","article_publisher":"https:\/\/www.facebook.com\/RECOVER.EU","article_published_time":"2022-04-09T12:33:41+00:00","article_modified_time":"2025-03-26T14:49:13+00:00","og_image":[{"width":400,"height":283,"url":"https:\/\/www.recover.eu\/wp-content\/uploads\/2023\/05\/143.png","type":"image\/png"}],"author":"superadmin","twitter_card":"summary_large_image","twitter_creator":"@RECOVER_EU","twitter_site":"@RECOVER_EU","twitter_misc":{"Szerz\u0151:":"superadmin","Becs\u00fclt olvas\u00e1si id\u0151":"2 perc"},"schema":{"@context":"https:\/\/schema.org","@graph":[{"@type":"Article","@id":"https:\/\/www.recover.eu\/conseils\/8-avril-journee-nationale-des-ambulanciers\/#article","isPartOf":{"@id":"https:\/\/www.recover.eu\/conseils\/8-avril-journee-nationale-des-ambulanciers\/"},"author":{"name":"superadmin","@id":"https:\/\/www.recover.eu\/#\/schema\/person\/006ae0699e3d723b210f7ca0b022e318"},"headline":"8 avril: journ\u00e9e nationale des ambulanciers","datePublished":"2022-04-09T12:33:41+00:00","dateModified":"2025-03-26T14:49:13+00:00","mainEntityOfPage":{"@id":"https:\/\/www.recover.eu\/conseils\/8-avril-journee-nationale-des-ambulanciers\/"},"wordCount":210,"commentCount":0,"publisher":{"@id":"https:\/\/www.recover.eu\/#organization"},"image":{"@id":"https:\/\/www.recover.eu\/conseils\/8-avril-journee-nationale-des-ambulanciers\/#primaryimage"},"thumbnailUrl":"https:\/\/www.recover.eu\/wp-content\/uploads\/2023\/05\/143.png","articleSection":["Client, on me doit de l'argent"],"inLanguage":"hu"},{"@type":"WebPage","@id":"https:\/\/www.recover.eu\/conseils\/8-avril-journee-nationale-des-ambulanciers\/","url":"https:\/\/www.recover.eu\/conseils\/8-avril-journee-nationale-des-ambulanciers\/","name":"8 avril: journ\u00e9e nationale des ambulanciers - INTERNATIONAL RECOVER COMPANY","isPartOf":{"@id":"https:\/\/www.recover.eu\/#website"},"primaryImageOfPage":{"@id":"https:\/\/www.recover.eu\/conseils\/8-avril-journee-nationale-des-ambulanciers\/#primaryimage"},"image":{"@id":"https:\/\/www.recover.eu\/conseils\/8-avril-journee-nationale-des-ambulanciers\/#primaryimage"},"thumbnailUrl":"https:\/\/www.recover.eu\/wp-content\/uploads\/2023\/05\/143.png","datePublished":"2022-04-09T12:33:41+00:00","dateModified":"2025-03-26T14:49:13+00:00","description":"Le 8 avril, mettons \u00e0 l\u2019honneur les ambulanciers. D\u00e9couvrez leur r\u00f4le essentiel et les d\u00e9fis de ce m\u00e9tier souvent m\u00e9connu.","breadcrumb":{"@id":"https:\/\/www.recover.eu\/conseils\/8-avril-journee-nationale-des-ambulanciers\/#breadcrumb"},"inLanguage":"hu","potentialAction":[{"@type":"ReadAction","target":["https:\/\/www.recover.eu\/conseils\/8-avril-journee-nationale-des-ambulanciers\/"]}]},{"@type":"ImageObject","inLanguage":"hu","@id":"https:\/\/www.recover.eu\/conseils\/8-avril-journee-nationale-des-ambulanciers\/#primaryimage","url":"https:\/\/www.recover.eu\/wp-content\/uploads\/2023\/05\/143.png","contentUrl":"https:\/\/www.recover.eu\/wp-content\/uploads\/2023\/05\/143.png","width":400,"height":283},{"@type":"BreadcrumbList","@id":"https:\/\/www.recover.eu\/conseils\/8-avril-journee-nationale-des-ambulanciers\/#breadcrumb","itemListElement":[{"@type":"ListItem","position":1,"name":"Accueil","item":"https:\/\/www.recover.eu\/"},{"@type":"ListItem","position":2,"name":"8 avril: journ\u00e9e nationale des ambulanciers"}]},{"@type":"WebSite","@id":"https:\/\/www.recover.eu\/#website","url":"https:\/\/www.recover.eu\/","name":"INTERNATIONAL RECOVER COMPANY","description":"Votre partenaire de confiance pour la gestion et la r\u00e9solution de vos probl\u00e8mes de cr\u00e9ances.","publisher":{"@id":"https:\/\/www.recover.eu\/#organization"},"potentialAction":[{"@type":"SearchAction","target":{"@type":"EntryPoint","urlTemplate":"https:\/\/www.recover.eu\/?s={search_term_string}"},"query-input":{"@type":"PropertyValueSpecification","valueRequired":true,"valueName":"search_term_string"}}],"inLanguage":"hu"},{"@type":"Organization","@id":"https:\/\/www.recover.eu\/#organization","name":"INTERNATIONAL RECOVER COMPANY\u00ae","url":"https:\/\/www.recover.eu\/","logo":{"@type":"ImageObject","inLanguage":"hu","@id":"https:\/\/www.recover.eu\/#\/schema\/logo\/image\/","url":"http:\/\/www.recover.eu\/wp-content\/uploads\/2023\/05\/logo-recover.png","contentUrl":"http:\/\/www.recover.eu\/wp-content\/uploads\/2023\/05\/logo-recover.png","width":202,"height":115,"caption":"INTERNATIONAL RECOVER COMPANY\u00ae"},"image":{"@id":"https:\/\/www.recover.eu\/#\/schema\/logo\/image\/"},"sameAs":["https:\/\/www.facebook.com\/RECOVER.EU","https:\/\/x.com\/RECOVER_EU","https:\/\/www.linkedin.com\/company\/irc-group-sa\/","https:\/\/www.instagram.com\/recover.eu\/","https:\/\/www.youtube.com\/@internationalrecovercompan1612"]},{"@type":"Person","@id":"https:\/\/www.recover.eu\/#\/schema\/person\/006ae0699e3d723b210f7ca0b022e318","name":"superadmin","image":{"@type":"ImageObject","inLanguage":"hu","@id":"https:\/\/www.recover.eu\/#\/schema\/person\/image\/","url":"https:\/\/secure.gravatar.com\/avatar\/b6d7588469c8271214df96d279b8257b63b549db031335a84d784d35ab5063de?s=96&d=mm&r=g","contentUrl":"https:\/\/secure.gravatar.com\/avatar\/b6d7588469c8271214df96d279b8257b63b549db031335a84d784d35ab5063de?s=96&d=mm&r=g","caption":"superadmin"},"sameAs":["http:\/\/www.recover.eu"],"url":"https:\/\/www.recover.eu\/hu\/conseils\/author\/superadmin\/"}]}},"_links":{"self":[{"href":"https:\/\/www.recover.eu\/hu\/wp-json\/wp\/v2\/posts\/841","targetHints":{"allow":["GET"]}}],"collection":[{"href":"https:\/\/www.recover.eu\/hu\/wp-json\/wp\/v2\/posts"}],"about":[{"href":"https:\/\/www.recover.eu\/hu\/wp-json\/wp\/v2\/types\/post"}],"author":[{"embeddable":true,"href":"https:\/\/www.recover.eu\/hu\/wp-json\/wp\/v2\/users\/1"}],"replies":[{"embeddable":true,"href":"https:\/\/www.recover.eu\/hu\/wp-json\/wp\/v2\/comments?post=841"}],"version-history":[{"count":1,"href":"https:\/\/www.recover.eu\/hu\/wp-json\/wp\/v2\/posts\/841\/revisions"}],"predecessor-version":[{"id":2723,"href":"https:\/\/www.recover.eu\/hu\/wp-json\/wp\/v2\/posts\/841\/revisions\/2723"}],"wp:featuredmedia":[{"embeddable":true,"href":"https:\/\/www.recover.eu\/hu\/wp-json\/wp\/v2\/media\/844"}],"wp:attachment":[{"href":"https:\/\/www.recover.eu\/hu\/wp-json\/wp\/v2\/media?parent=841"}],"wp:term":[{"taxonomy":"category","embeddable":true,"href":"https:\/\/www.recover.eu\/hu\/wp-json\/wp\/v2\/categories?post=841"},{"taxonomy":"post_tag","embeddable":true,"href":"https:\/\/www.recover.eu\/hu\/wp-json\/wp\/v2\/tags?post=841"}],"curies":[{"name":"wp","href":"https:\/\/api.w.org\/{rel}","templated":true}]}}