{"id":836,"date":"2022-04-07T14:32:04","date_gmt":"2022-04-07T12:32:04","guid":{"rendered":"http:\/\/recover.jellyfishcreativestudio.be\/?p=836"},"modified":"2025-03-26T16:24:55","modified_gmt":"2025-03-26T15:24:55","slug":"7-kwietnia-swiatowy-dzien-zdrowia","status":"publish","type":"post","link":"https:\/\/www.recover.eu\/pl\/rada-2\/7-kwietnia-swiatowy-dzien-zdrowia\/","title":{"rendered":"7 kwietnia: \u015awiatowy Dzie\u0144 Zdrowia"},"content":{"rendered":"<p>Facet jest fizjoterapeut\u0105. W styczniu 2020 roku rozpocz\u0105\u0142 dzia\u0142alno\u015b\u0107 jako niezale\u017cny podmiot. Rozpocz\u0119cie dzia\u0142alno\u015bci wi\u0105\u017ce si\u0119 z niema\u0142ymi kosztami zwi\u0105zanymi ze znalezieniem odpowiedniego lokalu czy nawet zakupem sprz\u0119tu medycznego. Jest jednak bardzo pozytywnie i entuzjastycznie nastawiony do idei wykonywania swojej pracy, kt\u00f3ra jest jego pasj\u0105.<\/p>\n\n\n\n<p>W marcu 2020 r. wci\u0105\u017c nieznana choroba uk\u0142adu oddechowego postawi\u0142a wszystko pod znakiem zapytania: Covid. Facet musi wi\u0119cej podr\u00f3\u017cowa\u0107. Nie mo\u017ce ju\u017c przyjmowa\u0107 swoich pacjent\u00f3w w gabinecie na takich samych warunkach. Musi zainwestowa\u0107 w sprz\u0119t do dezynfekcji, kombinezony medyczne, maseczki itp. nie m\u00f3wi\u0105c ju\u017c o trudno\u015bciach w zdobyciu tych dostaw. Wykonuje swoj\u0105 prac\u0119, ale ze strachem w \u017co\u0142\u0105dku. Choroba ta przekszta\u0142ca si\u0119 w pandemi\u0119. Rz\u0105dy pocz\u0105tkowo skupiaj\u0105 si\u0119 na zawodach kontaktowych, zamykaj\u0105c sektory po sektorach. Facet jest bezradny, ma zwi\u0105zane r\u0119ce i nogi.<\/p>\n\n\n\n<p>Po dw\u00f3ch latach zamkni\u0119cia\/ponownego otwarcia wreszcie wznawia swoj\u0105 dzia\u0142alno\u015b\u0107 mniej wi\u0119cej normalnie. Niestety, cho\u0107 jego pacjenci potrzebuj\u0105 jego opieki, kt\u00f3ra w wi\u0119kszo\u015bci jest refundowana z funduszy inwestycyjnych, Guy musi boryka\u0107 si\u0119 z odwo\u0142aniem wizyt z r\u00f3\u017cnych powod\u00f3w, a tak\u017ce wieloma nieodp\u0142atnymi us\u0142ugami.<\/p>\n\n\n\n<p>Na szcz\u0119\u015bcie kolega doradzi\u0142 mu, aby korzysta\u0142 z aplikacji MindYourBills do \u015bledzenia swoich rozlicze\u0144. Aplikacja jest bezp\u0142atna i w przypadku nieodp\u0142atnej us\u0142ugi oferuje mo\u017cliwo\u015b\u0107 \u0142atwego wys\u0142ania jej do odbioru. Po rozstrzygaj\u0105cym te\u015bcie zosta\u0142 przekonany. <strong>Dzi\u0119ki regularnemu i uproszczonemu monitorowaniu p\u0142atno\u015bci za swoje us\u0142ugi mo\u017ce wreszcie po\u015bwi\u0119ci\u0107 si\u0119 swojemu zawodowi, swojej pasji i czynieniu dobra dla swoich pacjent\u00f3w.<\/strong><\/p>\n\n\n\n<p><\/p>","protected":false},"excerpt":{"rendered":"<p>Facet jest fizjoterapeut\u0105. W styczniu 2020 roku rozpocz\u0105\u0142 dzia\u0142alno\u015b\u0107 jako niezale\u017cny podmiot. Rozpocz\u0119cie dzia\u0142alno\u015bci wi\u0105\u017ce si\u0119 z niema\u0142ymi kosztami zwi\u0105zanymi ze znalezieniem odpowiedniego lokalu czy nawet zakupem sprz\u0119tu medycznego. Jest jednak bardzo pozytywnie i entuzjastycznie nastawiony do idei wykonywania swojej pracy, kt\u00f3ra jest jego pasj\u0105.<\/p>","protected":false},"author":1,"featured_media":838,"comment_status":"open","ping_status":"open","sticky":false,"template":"","format":"standard","meta":{"footnotes":""},"categories":[6],"tags":[],"class_list":["post-836","post","type-post","status-publish","format-standard","has-post-thumbnail","hentry","category-clients"],"yoast_head":"<!-- This site is optimized with the Yoast SEO plugin v25.3.1 - https:\/\/yoast.com\/wordpress\/plugins\/seo\/ -->\n<title>7 avril: journ\u00e9e mondiale de la sant\u00e9 - INTERNATIONAL RECOVER COMPANY<\/title>\n<meta name=\"description\" content=\"Impacts du Covid, impay\u00e9s\u2026 Un kin\u00e9 t\u00e9moigne et partage la solution qui lui a permis de se concentrer \u00e0 nouveau sur ses patients.\" \/>\n<meta name=\"robots\" content=\"index, follow, max-snippet:-1, max-image-preview:large, max-video-preview:-1\" \/>\n<link rel=\"canonical\" href=\"https:\/\/www.recover.eu\/pl\/rada-2\/7-kwietnia-swiatowy-dzien-zdrowia\/\" \/>\n<meta property=\"og:locale\" content=\"pl_PL\" \/>\n<meta property=\"og:type\" content=\"article\" \/>\n<meta property=\"og:title\" content=\"7 avril: journ\u00e9e mondiale de la sant\u00e9 - INTERNATIONAL RECOVER COMPANY\" \/>\n<meta property=\"og:description\" content=\"Impacts du Covid, impay\u00e9s\u2026 Un kin\u00e9 t\u00e9moigne et partage la solution qui lui a permis de se concentrer \u00e0 nouveau sur ses patients.\" \/>\n<meta property=\"og:url\" content=\"https:\/\/www.recover.eu\/pl\/rada-2\/7-kwietnia-swiatowy-dzien-zdrowia\/\" \/>\n<meta property=\"og:site_name\" content=\"INTERNATIONAL RECOVER COMPANY\" \/>\n<meta property=\"article:publisher\" content=\"https:\/\/www.facebook.com\/RECOVER.EU\" \/>\n<meta property=\"article:published_time\" content=\"2022-04-07T12:32:04+00:00\" \/>\n<meta property=\"article:modified_time\" content=\"2025-03-26T15:24:55+00:00\" \/>\n<meta property=\"og:image\" content=\"https:\/\/www.recover.eu\/wp-content\/uploads\/2023\/05\/166.jpg\" \/>\n\t<meta property=\"og:image:width\" content=\"400\" \/>\n\t<meta property=\"og:image:height\" content=\"300\" \/>\n\t<meta property=\"og:image:type\" content=\"image\/jpeg\" \/>\n<meta name=\"author\" content=\"superadmin\" \/>\n<meta name=\"twitter:card\" content=\"summary_large_image\" \/>\n<meta name=\"twitter:creator\" content=\"@RECOVER_EU\" \/>\n<meta name=\"twitter:site\" content=\"@RECOVER_EU\" \/>\n<meta name=\"twitter:label1\" content=\"Napisane przez\" \/>\n\t<meta name=\"twitter:data1\" content=\"superadmin\" \/>\n\t<meta name=\"twitter:label2\" content=\"Szacowany czas czytania\" \/>\n\t<meta name=\"twitter:data2\" content=\"2 minuty\" \/>\n<script type=\"application\/ld+json\" class=\"yoast-schema-graph\">{\"@context\":\"https:\/\/schema.org\",\"@graph\":[{\"@type\":\"Article\",\"@id\":\"https:\/\/www.recover.eu\/conseils\/7-avril-journee-mondiale-de-la-sante\/#article\",\"isPartOf\":{\"@id\":\"https:\/\/www.recover.eu\/conseils\/7-avril-journee-mondiale-de-la-sante\/\"},\"author\":{\"name\":\"superadmin\",\"@id\":\"https:\/\/www.recover.eu\/#\/schema\/person\/006ae0699e3d723b210f7ca0b022e318\"},\"headline\":\"7 avril: journ\u00e9e mondiale de la sant\u00e9\",\"datePublished\":\"2022-04-07T12:32:04+00:00\",\"dateModified\":\"2025-03-26T15:24:55+00:00\",\"mainEntityOfPage\":{\"@id\":\"https:\/\/www.recover.eu\/conseils\/7-avril-journee-mondiale-de-la-sante\/\"},\"wordCount\":288,\"commentCount\":0,\"publisher\":{\"@id\":\"https:\/\/www.recover.eu\/#organization\"},\"image\":{\"@id\":\"https:\/\/www.recover.eu\/conseils\/7-avril-journee-mondiale-de-la-sante\/#primaryimage\"},\"thumbnailUrl\":\"https:\/\/www.recover.eu\/wp-content\/uploads\/2023\/05\/166.jpg\",\"articleSection\":[\"Client, on me doit de l'argent\"],\"inLanguage\":\"pl-PL\"},{\"@type\":\"WebPage\",\"@id\":\"https:\/\/www.recover.eu\/conseils\/7-avril-journee-mondiale-de-la-sante\/\",\"url\":\"https:\/\/www.recover.eu\/conseils\/7-avril-journee-mondiale-de-la-sante\/\",\"name\":\"7 avril: journ\u00e9e mondiale de la sant\u00e9 - INTERNATIONAL RECOVER COMPANY\",\"isPartOf\":{\"@id\":\"https:\/\/www.recover.eu\/#website\"},\"primaryImageOfPage\":{\"@id\":\"https:\/\/www.recover.eu\/conseils\/7-avril-journee-mondiale-de-la-sante\/#primaryimage\"},\"image\":{\"@id\":\"https:\/\/www.recover.eu\/conseils\/7-avril-journee-mondiale-de-la-sante\/#primaryimage\"},\"thumbnailUrl\":\"https:\/\/www.recover.eu\/wp-content\/uploads\/2023\/05\/166.jpg\",\"datePublished\":\"2022-04-07T12:32:04+00:00\",\"dateModified\":\"2025-03-26T15:24:55+00:00\",\"description\":\"Impacts du Covid, impay\u00e9s\u2026 Un kin\u00e9 t\u00e9moigne et partage la solution qui lui a permis de se concentrer \u00e0 nouveau sur ses patients.\",\"breadcrumb\":{\"@id\":\"https:\/\/www.recover.eu\/conseils\/7-avril-journee-mondiale-de-la-sante\/#breadcrumb\"},\"inLanguage\":\"pl-PL\",\"potentialAction\":[{\"@type\":\"ReadAction\",\"target\":[\"https:\/\/www.recover.eu\/conseils\/7-avril-journee-mondiale-de-la-sante\/\"]}]},{\"@type\":\"ImageObject\",\"inLanguage\":\"pl-PL\",\"@id\":\"https:\/\/www.recover.eu\/conseils\/7-avril-journee-mondiale-de-la-sante\/#primaryimage\",\"url\":\"https:\/\/www.recover.eu\/wp-content\/uploads\/2023\/05\/166.jpg\",\"contentUrl\":\"https:\/\/www.recover.eu\/wp-content\/uploads\/2023\/05\/166.jpg\",\"width\":400,\"height\":300},{\"@type\":\"BreadcrumbList\",\"@id\":\"https:\/\/www.recover.eu\/conseils\/7-avril-journee-mondiale-de-la-sante\/#breadcrumb\",\"itemListElement\":[{\"@type\":\"ListItem\",\"position\":1,\"name\":\"Accueil\",\"item\":\"https:\/\/www.recover.eu\/\"},{\"@type\":\"ListItem\",\"position\":2,\"name\":\"7 avril: journ\u00e9e mondiale de la sant\u00e9\"}]},{\"@type\":\"WebSite\",\"@id\":\"https:\/\/www.recover.eu\/#website\",\"url\":\"https:\/\/www.recover.eu\/\",\"name\":\"INTERNATIONAL RECOVER COMPANY\",\"description\":\"Votre partenaire de confiance pour la gestion et la r\u00e9solution de vos probl\u00e8mes de cr\u00e9ances.\",\"publisher\":{\"@id\":\"https:\/\/www.recover.eu\/#organization\"},\"potentialAction\":[{\"@type\":\"SearchAction\",\"target\":{\"@type\":\"EntryPoint\",\"urlTemplate\":\"https:\/\/www.recover.eu\/?s={search_term_string}\"},\"query-input\":{\"@type\":\"PropertyValueSpecification\",\"valueRequired\":true,\"valueName\":\"search_term_string\"}}],\"inLanguage\":\"pl-PL\"},{\"@type\":\"Organization\",\"@id\":\"https:\/\/www.recover.eu\/#organization\",\"name\":\"INTERNATIONAL RECOVER COMPANY\u00ae\",\"url\":\"https:\/\/www.recover.eu\/\",\"logo\":{\"@type\":\"ImageObject\",\"inLanguage\":\"pl-PL\",\"@id\":\"https:\/\/www.recover.eu\/#\/schema\/logo\/image\/\",\"url\":\"http:\/\/www.recover.eu\/wp-content\/uploads\/2023\/05\/logo-recover.png\",\"contentUrl\":\"http:\/\/www.recover.eu\/wp-content\/uploads\/2023\/05\/logo-recover.png\",\"width\":202,\"height\":115,\"caption\":\"INTERNATIONAL RECOVER COMPANY\u00ae\"},\"image\":{\"@id\":\"https:\/\/www.recover.eu\/#\/schema\/logo\/image\/\"},\"sameAs\":[\"https:\/\/www.facebook.com\/RECOVER.EU\",\"https:\/\/x.com\/RECOVER_EU\",\"https:\/\/www.linkedin.com\/company\/irc-group-sa\/\",\"https:\/\/www.instagram.com\/recover.eu\/\",\"https:\/\/www.youtube.com\/@internationalrecovercompan1612\"]},{\"@type\":\"Person\",\"@id\":\"https:\/\/www.recover.eu\/#\/schema\/person\/006ae0699e3d723b210f7ca0b022e318\",\"name\":\"superadmin\",\"image\":{\"@type\":\"ImageObject\",\"inLanguage\":\"pl-PL\",\"@id\":\"https:\/\/www.recover.eu\/#\/schema\/person\/image\/\",\"url\":\"https:\/\/secure.gravatar.com\/avatar\/b6d7588469c8271214df96d279b8257b63b549db031335a84d784d35ab5063de?s=96&d=mm&r=g\",\"contentUrl\":\"https:\/\/secure.gravatar.com\/avatar\/b6d7588469c8271214df96d279b8257b63b549db031335a84d784d35ab5063de?s=96&d=mm&r=g\",\"caption\":\"superadmin\"},\"sameAs\":[\"http:\/\/www.recover.eu\"],\"url\":\"https:\/\/www.recover.eu\/pl\/conseils\/author\/superadmin\/\"}]}<\/script>\n<!-- \/ Yoast SEO plugin. -->","yoast_head_json":{"title":"7 avril: journ\u00e9e mondiale de la sant\u00e9 - INTERNATIONAL RECOVER COMPANY","description":"Impacts du Covid, impay\u00e9s\u2026 Un kin\u00e9 t\u00e9moigne et partage la solution qui lui a permis de se concentrer \u00e0 nouveau sur ses patients.","robots":{"index":"index","follow":"follow","max-snippet":"max-snippet:-1","max-image-preview":"max-image-preview:large","max-video-preview":"max-video-preview:-1"},"canonical":"https:\/\/www.recover.eu\/pl\/rada-2\/7-kwietnia-swiatowy-dzien-zdrowia\/","og_locale":"pl_PL","og_type":"article","og_title":"7 avril: journ\u00e9e mondiale de la sant\u00e9 - INTERNATIONAL RECOVER COMPANY","og_description":"Impacts du Covid, impay\u00e9s\u2026 Un kin\u00e9 t\u00e9moigne et partage la solution qui lui a permis de se concentrer \u00e0 nouveau sur ses patients.","og_url":"https:\/\/www.recover.eu\/pl\/rada-2\/7-kwietnia-swiatowy-dzien-zdrowia\/","og_site_name":"INTERNATIONAL RECOVER COMPANY","article_publisher":"https:\/\/www.facebook.com\/RECOVER.EU","article_published_time":"2022-04-07T12:32:04+00:00","article_modified_time":"2025-03-26T15:24:55+00:00","og_image":[{"width":400,"height":300,"url":"https:\/\/www.recover.eu\/wp-content\/uploads\/2023\/05\/166.jpg","type":"image\/jpeg"}],"author":"superadmin","twitter_card":"summary_large_image","twitter_creator":"@RECOVER_EU","twitter_site":"@RECOVER_EU","twitter_misc":{"Napisane przez":"superadmin","Szacowany czas czytania":"2 minuty"},"schema":{"@context":"https:\/\/schema.org","@graph":[{"@type":"Article","@id":"https:\/\/www.recover.eu\/conseils\/7-avril-journee-mondiale-de-la-sante\/#article","isPartOf":{"@id":"https:\/\/www.recover.eu\/conseils\/7-avril-journee-mondiale-de-la-sante\/"},"author":{"name":"superadmin","@id":"https:\/\/www.recover.eu\/#\/schema\/person\/006ae0699e3d723b210f7ca0b022e318"},"headline":"7 avril: journ\u00e9e mondiale de la sant\u00e9","datePublished":"2022-04-07T12:32:04+00:00","dateModified":"2025-03-26T15:24:55+00:00","mainEntityOfPage":{"@id":"https:\/\/www.recover.eu\/conseils\/7-avril-journee-mondiale-de-la-sante\/"},"wordCount":288,"commentCount":0,"publisher":{"@id":"https:\/\/www.recover.eu\/#organization"},"image":{"@id":"https:\/\/www.recover.eu\/conseils\/7-avril-journee-mondiale-de-la-sante\/#primaryimage"},"thumbnailUrl":"https:\/\/www.recover.eu\/wp-content\/uploads\/2023\/05\/166.jpg","articleSection":["Client, on me doit de l'argent"],"inLanguage":"pl-PL"},{"@type":"WebPage","@id":"https:\/\/www.recover.eu\/conseils\/7-avril-journee-mondiale-de-la-sante\/","url":"https:\/\/www.recover.eu\/conseils\/7-avril-journee-mondiale-de-la-sante\/","name":"7 avril: journ\u00e9e mondiale de la sant\u00e9 - INTERNATIONAL RECOVER COMPANY","isPartOf":{"@id":"https:\/\/www.recover.eu\/#website"},"primaryImageOfPage":{"@id":"https:\/\/www.recover.eu\/conseils\/7-avril-journee-mondiale-de-la-sante\/#primaryimage"},"image":{"@id":"https:\/\/www.recover.eu\/conseils\/7-avril-journee-mondiale-de-la-sante\/#primaryimage"},"thumbnailUrl":"https:\/\/www.recover.eu\/wp-content\/uploads\/2023\/05\/166.jpg","datePublished":"2022-04-07T12:32:04+00:00","dateModified":"2025-03-26T15:24:55+00:00","description":"Impacts du Covid, impay\u00e9s\u2026 Un kin\u00e9 t\u00e9moigne et partage la solution qui lui a permis de se concentrer \u00e0 nouveau sur ses patients.","breadcrumb":{"@id":"https:\/\/www.recover.eu\/conseils\/7-avril-journee-mondiale-de-la-sante\/#breadcrumb"},"inLanguage":"pl-PL","potentialAction":[{"@type":"ReadAction","target":["https:\/\/www.recover.eu\/conseils\/7-avril-journee-mondiale-de-la-sante\/"]}]},{"@type":"ImageObject","inLanguage":"pl-PL","@id":"https:\/\/www.recover.eu\/conseils\/7-avril-journee-mondiale-de-la-sante\/#primaryimage","url":"https:\/\/www.recover.eu\/wp-content\/uploads\/2023\/05\/166.jpg","contentUrl":"https:\/\/www.recover.eu\/wp-content\/uploads\/2023\/05\/166.jpg","width":400,"height":300},{"@type":"BreadcrumbList","@id":"https:\/\/www.recover.eu\/conseils\/7-avril-journee-mondiale-de-la-sante\/#breadcrumb","itemListElement":[{"@type":"ListItem","position":1,"name":"Accueil","item":"https:\/\/www.recover.eu\/"},{"@type":"ListItem","position":2,"name":"7 avril: journ\u00e9e mondiale de la sant\u00e9"}]},{"@type":"WebSite","@id":"https:\/\/www.recover.eu\/#website","url":"https:\/\/www.recover.eu\/","name":"INTERNATIONAL RECOVER COMPANY","description":"Votre partenaire de confiance pour la gestion et la r\u00e9solution de vos probl\u00e8mes de cr\u00e9ances.","publisher":{"@id":"https:\/\/www.recover.eu\/#organization"},"potentialAction":[{"@type":"SearchAction","target":{"@type":"EntryPoint","urlTemplate":"https:\/\/www.recover.eu\/?s={search_term_string}"},"query-input":{"@type":"PropertyValueSpecification","valueRequired":true,"valueName":"search_term_string"}}],"inLanguage":"pl-PL"},{"@type":"Organization","@id":"https:\/\/www.recover.eu\/#organization","name":"INTERNATIONAL RECOVER COMPANY\u00ae","url":"https:\/\/www.recover.eu\/","logo":{"@type":"ImageObject","inLanguage":"pl-PL","@id":"https:\/\/www.recover.eu\/#\/schema\/logo\/image\/","url":"http:\/\/www.recover.eu\/wp-content\/uploads\/2023\/05\/logo-recover.png","contentUrl":"http:\/\/www.recover.eu\/wp-content\/uploads\/2023\/05\/logo-recover.png","width":202,"height":115,"caption":"INTERNATIONAL RECOVER COMPANY\u00ae"},"image":{"@id":"https:\/\/www.recover.eu\/#\/schema\/logo\/image\/"},"sameAs":["https:\/\/www.facebook.com\/RECOVER.EU","https:\/\/x.com\/RECOVER_EU","https:\/\/www.linkedin.com\/company\/irc-group-sa\/","https:\/\/www.instagram.com\/recover.eu\/","https:\/\/www.youtube.com\/@internationalrecovercompan1612"]},{"@type":"Person","@id":"https:\/\/www.recover.eu\/#\/schema\/person\/006ae0699e3d723b210f7ca0b022e318","name":"superadmin","image":{"@type":"ImageObject","inLanguage":"pl-PL","@id":"https:\/\/www.recover.eu\/#\/schema\/person\/image\/","url":"https:\/\/secure.gravatar.com\/avatar\/b6d7588469c8271214df96d279b8257b63b549db031335a84d784d35ab5063de?s=96&d=mm&r=g","contentUrl":"https:\/\/secure.gravatar.com\/avatar\/b6d7588469c8271214df96d279b8257b63b549db031335a84d784d35ab5063de?s=96&d=mm&r=g","caption":"superadmin"},"sameAs":["http:\/\/www.recover.eu"],"url":"https:\/\/www.recover.eu\/pl\/conseils\/author\/superadmin\/"}]}},"_links":{"self":[{"href":"https:\/\/www.recover.eu\/pl\/wp-json\/wp\/v2\/posts\/836","targetHints":{"allow":["GET"]}}],"collection":[{"href":"https:\/\/www.recover.eu\/pl\/wp-json\/wp\/v2\/posts"}],"about":[{"href":"https:\/\/www.recover.eu\/pl\/wp-json\/wp\/v2\/types\/post"}],"author":[{"embeddable":true,"href":"https:\/\/www.recover.eu\/pl\/wp-json\/wp\/v2\/users\/1"}],"replies":[{"embeddable":true,"href":"https:\/\/www.recover.eu\/pl\/wp-json\/wp\/v2\/comments?post=836"}],"version-history":[{"count":1,"href":"https:\/\/www.recover.eu\/pl\/wp-json\/wp\/v2\/posts\/836\/revisions"}],"predecessor-version":[{"id":2725,"href":"https:\/\/www.recover.eu\/pl\/wp-json\/wp\/v2\/posts\/836\/revisions\/2725"}],"wp:featuredmedia":[{"embeddable":true,"href":"https:\/\/www.recover.eu\/pl\/wp-json\/wp\/v2\/media\/838"}],"wp:attachment":[{"href":"https:\/\/www.recover.eu\/pl\/wp-json\/wp\/v2\/media?parent=836"}],"wp:term":[{"taxonomy":"category","embeddable":true,"href":"https:\/\/www.recover.eu\/pl\/wp-json\/wp\/v2\/categories?post=836"},{"taxonomy":"post_tag","embeddable":true,"href":"https:\/\/www.recover.eu\/pl\/wp-json\/wp\/v2\/tags?post=836"}],"curies":[{"name":"wp","href":"https:\/\/api.w.org\/{rel}","templated":true}]}}