{"id":841,"date":"2022-04-09T14:33:41","date_gmt":"2022-04-09T12:33:41","guid":{"rendered":"http:\/\/recover.jellyfishcreativestudio.be\/?p=841"},"modified":"2025-03-26T15:49:13","modified_gmt":"2025-03-26T14:49:13","slug":"8-kwietnia-narodowy-dzien-ratownika-medycznego","status":"publish","type":"post","link":"https:\/\/www.recover.eu\/pl\/rada-2\/8-kwietnia-narodowy-dzien-ratownika-medycznego\/","title":{"rendered":"8 kwietnia: Narodowy Dzie\u0144 Ratownika Medycznego"},"content":{"rendered":"<p>Celowo wyznaczony dzie\u0144 po \u015awiatowym Dniu Zdrowia, Narodowy Dzie\u0144 Pogotowia Ratunkowego jest okazj\u0105 do uwypuklenia tych pracownik\u00f3w s\u0142u\u017cby zdrowia, kt\u00f3rzy cz\u0119sto jako pierwsi reaguj\u0105 w przypadku nag\u0142ego wypadku, o ka\u017cdej porze dnia i nocy, nawet w niedziele i \u015bwi\u0119ta .<\/p>\n\n\n\n<p>Zaw\u00f3d o trudnych godzinach pracy, zaw\u00f3d kierowcy ambulansu to przede wszystkim zaw\u00f3d ludzki. Bardzo cz\u0119sto w obliczu niepokoju, a nawet przemocy, ratownicy medyczni wyruszaj\u0105 w drog\u0119 z ka\u017cdym wezwaniem do niepewnych, stresuj\u0105cych, ale niezb\u0119dnych sytuacji.<\/p>\n\n\n\n<p>Zaw\u00f3d kierowcy karetki pogotowia wymaga obecnie silnego zaplecza psychicznego i finansowego. Jak u ka\u017cdego przedsi\u0119biorcy, koszty rosn\u0105. Dodatkowy sprz\u0119t potrzebny do transportu pacjent\u00f3w z covidem, a obecnie rosn\u0105ce koszty paliwa sprawiaj\u0105, \u017ce koszty te s\u0105 jeszcze wy\u017csze. Do tego dochodzi fakt, \u017ce bardzo cz\u0119sto ich faktury s\u0105 p\u0142acone jako ostatnie, nawet po wielokrotnych upomnieniach.<\/p>\n\n\n\n<p>Zespo\u0142y INTERNATIONAL RECOVER COMPANY\u00ae s\u0105 dumne, \u017ce mog\u0105 by\u0107 u ich boku, odci\u0105\u017caj\u0105c ich od zada\u0144 administracyjnych i pomagaj\u0105c odzyska\u0107 nale\u017cno\u015bci.<\/p>","protected":false},"excerpt":{"rendered":"<p>Z okazji tego dnia chcieli\u015bmy uchyli\u0107 kapelusz przed tym zawodem, przed tymi m\u0119\u017cczyznami i kobietami, kt\u00f3rzy cz\u0119sto pracuj\u0105 w sytuacjach awaryjnych, w trudnych godzinach, 365 dni w roku, 24 godziny na dob\u0119.<\/p>","protected":false},"author":1,"featured_media":844,"comment_status":"open","ping_status":"open","sticky":false,"template":"","format":"standard","meta":{"footnotes":""},"categories":[6],"tags":[],"class_list":["post-841","post","type-post","status-publish","format-standard","has-post-thumbnail","hentry","category-clients"],"yoast_head":"<!-- This site is optimized with the Yoast SEO plugin v25.3.1 - https:\/\/yoast.com\/wordpress\/plugins\/seo\/ -->\n<title>8 avril: journ\u00e9e nationale des ambulanciers - INTERNATIONAL RECOVER COMPANY<\/title>\n<meta name=\"description\" content=\"Le 8 avril, mettons \u00e0 l\u2019honneur les ambulanciers. D\u00e9couvrez leur r\u00f4le essentiel et les d\u00e9fis de ce m\u00e9tier souvent m\u00e9connu.\" \/>\n<meta name=\"robots\" content=\"index, follow, max-snippet:-1, max-image-preview:large, max-video-preview:-1\" \/>\n<link rel=\"canonical\" href=\"https:\/\/www.recover.eu\/pl\/rada-2\/8-kwietnia-narodowy-dzien-ratownika-medycznego\/\" \/>\n<meta property=\"og:locale\" content=\"pl_PL\" \/>\n<meta property=\"og:type\" content=\"article\" \/>\n<meta property=\"og:title\" content=\"8 avril: journ\u00e9e nationale des ambulanciers - INTERNATIONAL RECOVER COMPANY\" \/>\n<meta property=\"og:description\" content=\"Le 8 avril, mettons \u00e0 l\u2019honneur les ambulanciers. D\u00e9couvrez leur r\u00f4le essentiel et les d\u00e9fis de ce m\u00e9tier souvent m\u00e9connu.\" \/>\n<meta property=\"og:url\" content=\"https:\/\/www.recover.eu\/pl\/rada-2\/8-kwietnia-narodowy-dzien-ratownika-medycznego\/\" \/>\n<meta property=\"og:site_name\" content=\"INTERNATIONAL RECOVER COMPANY\" \/>\n<meta property=\"article:publisher\" content=\"https:\/\/www.facebook.com\/RECOVER.EU\" \/>\n<meta property=\"article:published_time\" content=\"2022-04-09T12:33:41+00:00\" \/>\n<meta property=\"article:modified_time\" content=\"2025-03-26T14:49:13+00:00\" \/>\n<meta property=\"og:image\" content=\"https:\/\/www.recover.eu\/wp-content\/uploads\/2023\/05\/143.png\" \/>\n\t<meta property=\"og:image:width\" content=\"400\" \/>\n\t<meta property=\"og:image:height\" content=\"283\" \/>\n\t<meta property=\"og:image:type\" content=\"image\/png\" \/>\n<meta name=\"author\" content=\"superadmin\" \/>\n<meta name=\"twitter:card\" content=\"summary_large_image\" \/>\n<meta name=\"twitter:creator\" content=\"@RECOVER_EU\" \/>\n<meta name=\"twitter:site\" content=\"@RECOVER_EU\" \/>\n<meta name=\"twitter:label1\" content=\"Napisane przez\" \/>\n\t<meta name=\"twitter:data1\" content=\"superadmin\" \/>\n\t<meta name=\"twitter:label2\" content=\"Szacowany czas czytania\" \/>\n\t<meta name=\"twitter:data2\" content=\"2 minuty\" \/>\n<script type=\"application\/ld+json\" class=\"yoast-schema-graph\">{\"@context\":\"https:\/\/schema.org\",\"@graph\":[{\"@type\":\"Article\",\"@id\":\"https:\/\/www.recover.eu\/conseils\/8-avril-journee-nationale-des-ambulanciers\/#article\",\"isPartOf\":{\"@id\":\"https:\/\/www.recover.eu\/conseils\/8-avril-journee-nationale-des-ambulanciers\/\"},\"author\":{\"name\":\"superadmin\",\"@id\":\"https:\/\/www.recover.eu\/#\/schema\/person\/006ae0699e3d723b210f7ca0b022e318\"},\"headline\":\"8 avril: journ\u00e9e nationale des ambulanciers\",\"datePublished\":\"2022-04-09T12:33:41+00:00\",\"dateModified\":\"2025-03-26T14:49:13+00:00\",\"mainEntityOfPage\":{\"@id\":\"https:\/\/www.recover.eu\/conseils\/8-avril-journee-nationale-des-ambulanciers\/\"},\"wordCount\":210,\"commentCount\":0,\"publisher\":{\"@id\":\"https:\/\/www.recover.eu\/#organization\"},\"image\":{\"@id\":\"https:\/\/www.recover.eu\/conseils\/8-avril-journee-nationale-des-ambulanciers\/#primaryimage\"},\"thumbnailUrl\":\"https:\/\/www.recover.eu\/wp-content\/uploads\/2023\/05\/143.png\",\"articleSection\":[\"Client, on me doit de l'argent\"],\"inLanguage\":\"pl-PL\"},{\"@type\":\"WebPage\",\"@id\":\"https:\/\/www.recover.eu\/conseils\/8-avril-journee-nationale-des-ambulanciers\/\",\"url\":\"https:\/\/www.recover.eu\/conseils\/8-avril-journee-nationale-des-ambulanciers\/\",\"name\":\"8 avril: journ\u00e9e nationale des ambulanciers - INTERNATIONAL RECOVER COMPANY\",\"isPartOf\":{\"@id\":\"https:\/\/www.recover.eu\/#website\"},\"primaryImageOfPage\":{\"@id\":\"https:\/\/www.recover.eu\/conseils\/8-avril-journee-nationale-des-ambulanciers\/#primaryimage\"},\"image\":{\"@id\":\"https:\/\/www.recover.eu\/conseils\/8-avril-journee-nationale-des-ambulanciers\/#primaryimage\"},\"thumbnailUrl\":\"https:\/\/www.recover.eu\/wp-content\/uploads\/2023\/05\/143.png\",\"datePublished\":\"2022-04-09T12:33:41+00:00\",\"dateModified\":\"2025-03-26T14:49:13+00:00\",\"description\":\"Le 8 avril, mettons \u00e0 l\u2019honneur les ambulanciers. D\u00e9couvrez leur r\u00f4le essentiel et les d\u00e9fis de ce m\u00e9tier souvent m\u00e9connu.\",\"breadcrumb\":{\"@id\":\"https:\/\/www.recover.eu\/conseils\/8-avril-journee-nationale-des-ambulanciers\/#breadcrumb\"},\"inLanguage\":\"pl-PL\",\"potentialAction\":[{\"@type\":\"ReadAction\",\"target\":[\"https:\/\/www.recover.eu\/conseils\/8-avril-journee-nationale-des-ambulanciers\/\"]}]},{\"@type\":\"ImageObject\",\"inLanguage\":\"pl-PL\",\"@id\":\"https:\/\/www.recover.eu\/conseils\/8-avril-journee-nationale-des-ambulanciers\/#primaryimage\",\"url\":\"https:\/\/www.recover.eu\/wp-content\/uploads\/2023\/05\/143.png\",\"contentUrl\":\"https:\/\/www.recover.eu\/wp-content\/uploads\/2023\/05\/143.png\",\"width\":400,\"height\":283},{\"@type\":\"BreadcrumbList\",\"@id\":\"https:\/\/www.recover.eu\/conseils\/8-avril-journee-nationale-des-ambulanciers\/#breadcrumb\",\"itemListElement\":[{\"@type\":\"ListItem\",\"position\":1,\"name\":\"Accueil\",\"item\":\"https:\/\/www.recover.eu\/\"},{\"@type\":\"ListItem\",\"position\":2,\"name\":\"8 avril: journ\u00e9e nationale des ambulanciers\"}]},{\"@type\":\"WebSite\",\"@id\":\"https:\/\/www.recover.eu\/#website\",\"url\":\"https:\/\/www.recover.eu\/\",\"name\":\"INTERNATIONAL RECOVER COMPANY\",\"description\":\"Votre partenaire de confiance pour la gestion et la r\u00e9solution de vos probl\u00e8mes de cr\u00e9ances.\",\"publisher\":{\"@id\":\"https:\/\/www.recover.eu\/#organization\"},\"potentialAction\":[{\"@type\":\"SearchAction\",\"target\":{\"@type\":\"EntryPoint\",\"urlTemplate\":\"https:\/\/www.recover.eu\/?s={search_term_string}\"},\"query-input\":{\"@type\":\"PropertyValueSpecification\",\"valueRequired\":true,\"valueName\":\"search_term_string\"}}],\"inLanguage\":\"pl-PL\"},{\"@type\":\"Organization\",\"@id\":\"https:\/\/www.recover.eu\/#organization\",\"name\":\"INTERNATIONAL RECOVER COMPANY\u00ae\",\"url\":\"https:\/\/www.recover.eu\/\",\"logo\":{\"@type\":\"ImageObject\",\"inLanguage\":\"pl-PL\",\"@id\":\"https:\/\/www.recover.eu\/#\/schema\/logo\/image\/\",\"url\":\"http:\/\/www.recover.eu\/wp-content\/uploads\/2023\/05\/logo-recover.png\",\"contentUrl\":\"http:\/\/www.recover.eu\/wp-content\/uploads\/2023\/05\/logo-recover.png\",\"width\":202,\"height\":115,\"caption\":\"INTERNATIONAL RECOVER COMPANY\u00ae\"},\"image\":{\"@id\":\"https:\/\/www.recover.eu\/#\/schema\/logo\/image\/\"},\"sameAs\":[\"https:\/\/www.facebook.com\/RECOVER.EU\",\"https:\/\/x.com\/RECOVER_EU\",\"https:\/\/www.linkedin.com\/company\/irc-group-sa\/\",\"https:\/\/www.instagram.com\/recover.eu\/\",\"https:\/\/www.youtube.com\/@internationalrecovercompan1612\"]},{\"@type\":\"Person\",\"@id\":\"https:\/\/www.recover.eu\/#\/schema\/person\/006ae0699e3d723b210f7ca0b022e318\",\"name\":\"superadmin\",\"image\":{\"@type\":\"ImageObject\",\"inLanguage\":\"pl-PL\",\"@id\":\"https:\/\/www.recover.eu\/#\/schema\/person\/image\/\",\"url\":\"https:\/\/secure.gravatar.com\/avatar\/b6d7588469c8271214df96d279b8257b63b549db031335a84d784d35ab5063de?s=96&d=mm&r=g\",\"contentUrl\":\"https:\/\/secure.gravatar.com\/avatar\/b6d7588469c8271214df96d279b8257b63b549db031335a84d784d35ab5063de?s=96&d=mm&r=g\",\"caption\":\"superadmin\"},\"sameAs\":[\"http:\/\/www.recover.eu\"],\"url\":\"https:\/\/www.recover.eu\/pl\/conseils\/author\/superadmin\/\"}]}<\/script>\n<!-- \/ Yoast SEO plugin. -->","yoast_head_json":{"title":"8 avril: journ\u00e9e nationale des ambulanciers - INTERNATIONAL RECOVER COMPANY","description":"Le 8 avril, mettons \u00e0 l\u2019honneur les ambulanciers. D\u00e9couvrez leur r\u00f4le essentiel et les d\u00e9fis de ce m\u00e9tier souvent m\u00e9connu.","robots":{"index":"index","follow":"follow","max-snippet":"max-snippet:-1","max-image-preview":"max-image-preview:large","max-video-preview":"max-video-preview:-1"},"canonical":"https:\/\/www.recover.eu\/pl\/rada-2\/8-kwietnia-narodowy-dzien-ratownika-medycznego\/","og_locale":"pl_PL","og_type":"article","og_title":"8 avril: journ\u00e9e nationale des ambulanciers - INTERNATIONAL RECOVER COMPANY","og_description":"Le 8 avril, mettons \u00e0 l\u2019honneur les ambulanciers. D\u00e9couvrez leur r\u00f4le essentiel et les d\u00e9fis de ce m\u00e9tier souvent m\u00e9connu.","og_url":"https:\/\/www.recover.eu\/pl\/rada-2\/8-kwietnia-narodowy-dzien-ratownika-medycznego\/","og_site_name":"INTERNATIONAL RECOVER COMPANY","article_publisher":"https:\/\/www.facebook.com\/RECOVER.EU","article_published_time":"2022-04-09T12:33:41+00:00","article_modified_time":"2025-03-26T14:49:13+00:00","og_image":[{"width":400,"height":283,"url":"https:\/\/www.recover.eu\/wp-content\/uploads\/2023\/05\/143.png","type":"image\/png"}],"author":"superadmin","twitter_card":"summary_large_image","twitter_creator":"@RECOVER_EU","twitter_site":"@RECOVER_EU","twitter_misc":{"Napisane przez":"superadmin","Szacowany czas czytania":"2 minuty"},"schema":{"@context":"https:\/\/schema.org","@graph":[{"@type":"Article","@id":"https:\/\/www.recover.eu\/conseils\/8-avril-journee-nationale-des-ambulanciers\/#article","isPartOf":{"@id":"https:\/\/www.recover.eu\/conseils\/8-avril-journee-nationale-des-ambulanciers\/"},"author":{"name":"superadmin","@id":"https:\/\/www.recover.eu\/#\/schema\/person\/006ae0699e3d723b210f7ca0b022e318"},"headline":"8 avril: journ\u00e9e nationale des ambulanciers","datePublished":"2022-04-09T12:33:41+00:00","dateModified":"2025-03-26T14:49:13+00:00","mainEntityOfPage":{"@id":"https:\/\/www.recover.eu\/conseils\/8-avril-journee-nationale-des-ambulanciers\/"},"wordCount":210,"commentCount":0,"publisher":{"@id":"https:\/\/www.recover.eu\/#organization"},"image":{"@id":"https:\/\/www.recover.eu\/conseils\/8-avril-journee-nationale-des-ambulanciers\/#primaryimage"},"thumbnailUrl":"https:\/\/www.recover.eu\/wp-content\/uploads\/2023\/05\/143.png","articleSection":["Client, on me doit de l'argent"],"inLanguage":"pl-PL"},{"@type":"WebPage","@id":"https:\/\/www.recover.eu\/conseils\/8-avril-journee-nationale-des-ambulanciers\/","url":"https:\/\/www.recover.eu\/conseils\/8-avril-journee-nationale-des-ambulanciers\/","name":"8 avril: journ\u00e9e nationale des ambulanciers - INTERNATIONAL RECOVER COMPANY","isPartOf":{"@id":"https:\/\/www.recover.eu\/#website"},"primaryImageOfPage":{"@id":"https:\/\/www.recover.eu\/conseils\/8-avril-journee-nationale-des-ambulanciers\/#primaryimage"},"image":{"@id":"https:\/\/www.recover.eu\/conseils\/8-avril-journee-nationale-des-ambulanciers\/#primaryimage"},"thumbnailUrl":"https:\/\/www.recover.eu\/wp-content\/uploads\/2023\/05\/143.png","datePublished":"2022-04-09T12:33:41+00:00","dateModified":"2025-03-26T14:49:13+00:00","description":"Le 8 avril, mettons \u00e0 l\u2019honneur les ambulanciers. D\u00e9couvrez leur r\u00f4le essentiel et les d\u00e9fis de ce m\u00e9tier souvent m\u00e9connu.","breadcrumb":{"@id":"https:\/\/www.recover.eu\/conseils\/8-avril-journee-nationale-des-ambulanciers\/#breadcrumb"},"inLanguage":"pl-PL","potentialAction":[{"@type":"ReadAction","target":["https:\/\/www.recover.eu\/conseils\/8-avril-journee-nationale-des-ambulanciers\/"]}]},{"@type":"ImageObject","inLanguage":"pl-PL","@id":"https:\/\/www.recover.eu\/conseils\/8-avril-journee-nationale-des-ambulanciers\/#primaryimage","url":"https:\/\/www.recover.eu\/wp-content\/uploads\/2023\/05\/143.png","contentUrl":"https:\/\/www.recover.eu\/wp-content\/uploads\/2023\/05\/143.png","width":400,"height":283},{"@type":"BreadcrumbList","@id":"https:\/\/www.recover.eu\/conseils\/8-avril-journee-nationale-des-ambulanciers\/#breadcrumb","itemListElement":[{"@type":"ListItem","position":1,"name":"Accueil","item":"https:\/\/www.recover.eu\/"},{"@type":"ListItem","position":2,"name":"8 avril: journ\u00e9e nationale des ambulanciers"}]},{"@type":"WebSite","@id":"https:\/\/www.recover.eu\/#website","url":"https:\/\/www.recover.eu\/","name":"INTERNATIONAL RECOVER COMPANY","description":"Votre partenaire de confiance pour la gestion et la r\u00e9solution de vos probl\u00e8mes de cr\u00e9ances.","publisher":{"@id":"https:\/\/www.recover.eu\/#organization"},"potentialAction":[{"@type":"SearchAction","target":{"@type":"EntryPoint","urlTemplate":"https:\/\/www.recover.eu\/?s={search_term_string}"},"query-input":{"@type":"PropertyValueSpecification","valueRequired":true,"valueName":"search_term_string"}}],"inLanguage":"pl-PL"},{"@type":"Organization","@id":"https:\/\/www.recover.eu\/#organization","name":"INTERNATIONAL RECOVER COMPANY\u00ae","url":"https:\/\/www.recover.eu\/","logo":{"@type":"ImageObject","inLanguage":"pl-PL","@id":"https:\/\/www.recover.eu\/#\/schema\/logo\/image\/","url":"http:\/\/www.recover.eu\/wp-content\/uploads\/2023\/05\/logo-recover.png","contentUrl":"http:\/\/www.recover.eu\/wp-content\/uploads\/2023\/05\/logo-recover.png","width":202,"height":115,"caption":"INTERNATIONAL RECOVER COMPANY\u00ae"},"image":{"@id":"https:\/\/www.recover.eu\/#\/schema\/logo\/image\/"},"sameAs":["https:\/\/www.facebook.com\/RECOVER.EU","https:\/\/x.com\/RECOVER_EU","https:\/\/www.linkedin.com\/company\/irc-group-sa\/","https:\/\/www.instagram.com\/recover.eu\/","https:\/\/www.youtube.com\/@internationalrecovercompan1612"]},{"@type":"Person","@id":"https:\/\/www.recover.eu\/#\/schema\/person\/006ae0699e3d723b210f7ca0b022e318","name":"superadmin","image":{"@type":"ImageObject","inLanguage":"pl-PL","@id":"https:\/\/www.recover.eu\/#\/schema\/person\/image\/","url":"https:\/\/secure.gravatar.com\/avatar\/b6d7588469c8271214df96d279b8257b63b549db031335a84d784d35ab5063de?s=96&d=mm&r=g","contentUrl":"https:\/\/secure.gravatar.com\/avatar\/b6d7588469c8271214df96d279b8257b63b549db031335a84d784d35ab5063de?s=96&d=mm&r=g","caption":"superadmin"},"sameAs":["http:\/\/www.recover.eu"],"url":"https:\/\/www.recover.eu\/pl\/conseils\/author\/superadmin\/"}]}},"_links":{"self":[{"href":"https:\/\/www.recover.eu\/pl\/wp-json\/wp\/v2\/posts\/841","targetHints":{"allow":["GET"]}}],"collection":[{"href":"https:\/\/www.recover.eu\/pl\/wp-json\/wp\/v2\/posts"}],"about":[{"href":"https:\/\/www.recover.eu\/pl\/wp-json\/wp\/v2\/types\/post"}],"author":[{"embeddable":true,"href":"https:\/\/www.recover.eu\/pl\/wp-json\/wp\/v2\/users\/1"}],"replies":[{"embeddable":true,"href":"https:\/\/www.recover.eu\/pl\/wp-json\/wp\/v2\/comments?post=841"}],"version-history":[{"count":1,"href":"https:\/\/www.recover.eu\/pl\/wp-json\/wp\/v2\/posts\/841\/revisions"}],"predecessor-version":[{"id":2723,"href":"https:\/\/www.recover.eu\/pl\/wp-json\/wp\/v2\/posts\/841\/revisions\/2723"}],"wp:featuredmedia":[{"embeddable":true,"href":"https:\/\/www.recover.eu\/pl\/wp-json\/wp\/v2\/media\/844"}],"wp:attachment":[{"href":"https:\/\/www.recover.eu\/pl\/wp-json\/wp\/v2\/media?parent=841"}],"wp:term":[{"taxonomy":"category","embeddable":true,"href":"https:\/\/www.recover.eu\/pl\/wp-json\/wp\/v2\/categories?post=841"},{"taxonomy":"post_tag","embeddable":true,"href":"https:\/\/www.recover.eu\/pl\/wp-json\/wp\/v2\/tags?post=841"}],"curies":[{"name":"wp","href":"https:\/\/api.w.org\/{rel}","templated":true}]}}